{"id":58666,"date":"2025-07-21T01:25:15","date_gmt":"2025-07-21T04:25:15","guid":{"rendered":"https:\/\/agendadelsur.com\/?p=58666"},"modified":"2025-07-21T01:25:18","modified_gmt":"2025-07-21T04:25:18","slug":"se-inauguro-el-primer-centro-bonaerense-de-energias-renovables","status":"publish","type":"post","link":"https:\/\/agendadelsur.com\/index.php\/2025\/07\/21\/se-inauguro-el-primer-centro-bonaerense-de-energias-renovables\/","title":{"rendered":"Se inaugur\u00f3 el Primer Centro Bonaerense de Energ\u00edas Renovables"},"content":{"rendered":"\n<h6 class=\"wp-block-heading\">Con esta sede, la Provincia cuenta con un espacio para la demostraci\u00f3n, investigaci\u00f3n, capacitaci\u00f3n y difusi\u00f3n de tecnolog\u00edas sustentables en materia de eficiencia energ\u00e9tica y energ\u00edas renovables. ubicado en el campus tecnol\u00f3gico de la Comisi\u00f3n de Investigaci\u00f3n Cient\u00edfica (CIC) en la localidad de Gonnet, partido de La Plata. La obra consisti\u00f3 en la construcci\u00f3n de un edificio bioclim\u00e1tico en una superficie total de 1.000 m\u00b2, que cuenta con dos bloques (uno de ellos de dos plantas) convirti\u00e9ndose en un espacio de referencia para la investigaci\u00f3n y el desarrollo de tecnolog\u00edas vinculadas con las energ\u00edas renovables y la eficiencia energ\u00e9tica.<\/h6>\n\n\n<div class=\"wp-block-image\">\n<figure class=\"aligncenter size-full\"><img loading=\"lazy\" decoding=\"async\" width=\"500\" height=\"333\" src=\"https:\/\/agendadelsur.com\/wp-content\/uploads\/2025\/07\/e534730d-9aa0-469b-9b1c-bd4c62730b4e.jpeg\" alt=\"\" class=\"wp-image-58668\" srcset=\"https:\/\/agendadelsur.com\/wp-content\/uploads\/2025\/07\/e534730d-9aa0-469b-9b1c-bd4c62730b4e.jpeg 500w, https:\/\/agendadelsur.com\/wp-content\/uploads\/2025\/07\/e534730d-9aa0-469b-9b1c-bd4c62730b4e-300x200.jpeg 300w\" sizes=\"(max-width: 500px) 100vw, 500px\" \/><\/figure><\/div>\n\n\n<p>El Ministerio de Infraestructura y Servicios P\u00fablicos (MISP), inaugur\u00f3 el Centro y en el acto el Ministro Katopodis asegur\u00f3: \u201cEl Primer Centro Bonaerense de Energ\u00edas Renovables es una obra de infraestructura sostenible que fomentar\u00e1 la investigaci\u00f3n para \u00e1reas estrat\u00e9gicas\u201d.<\/p>\n\n\n\n<p>Y continu\u00f3: La Provincia apuesta al futuro con una sede propia para formar, capacitar y trabajar en tecnolog\u00edas sustentables. Mientras Milei recorta la ciencia y destruye el Estado, nosotros lo ponemos al servicio del desarrollo\u201d.<\/p>\n\n\n\n<p>Por su parte, el subsecretario de Energ\u00eda, Gast\u00f3n Ghioni expres\u00f3: \u201cEn un contexto nacional donde la investigaci\u00f3n y la ciencia no reciben presupuesto, al mismo tiempo que se niega el cambio clim\u00e1tico, nuestro gobierno provincial reafirma su compromiso con el desarrollo sostenible. Y agreg\u00f3: \u201cTrabajamos junto a las universidades nacionales y provinciales para impulsar la innovaci\u00f3n y el crecimiento que hoy se expresa en la inauguraci\u00f3n de un edificio bioclim\u00e1tico, dise\u00f1ado con criterios de eficiencia energ\u00e9tica&#8221;.<\/p>\n\n\n\n<p>La nueva infraestructura, que tambi\u00e9n funcionar\u00e1 como centro educativo, incluye pautas de arquitectura bioclim\u00e1tica, medidas de eficiencia energ\u00e9tica aplicadas a la construcci\u00f3n, adem\u00e1s de biomateriales y materiales reciclados, como aislaci\u00f3n t\u00e9rmica con lana de oveja, placas de c\u00e1scara de man\u00ed, ecoladrillos de hongos y ladrillos PET. Estos elementos son producidos por centros de investigaci\u00f3n y transferencia de todo el pa\u00eds y se ubican en distintos sectores del edificio, para promover su aplicaci\u00f3n y difusi\u00f3n.<\/p>\n\n\n\n<p>A su vez, el Centro Bonaerense de Energ\u00edas Renovables cuenta con sistemas de autogeneraci\u00f3n renovable solar; de bombeo de agua y calefacci\u00f3n solar para provisi\u00f3n del edificio; de recolecci\u00f3n y aprovechamiento de agua de lluvias; y de ventilaci\u00f3n e iluminaci\u00f3n, maximizando el aprovechamiento de los recursos naturales y disminuyendo el consumo el\u00e9ctrico. En este sentido, para fomentar la movilidad sostenible, se crear\u00e1n estaciones de carga para veh\u00edculos el\u00e9ctricos, alimentadas por energ\u00eda solar.<\/p>\n\n\n\n<p>La nueva infraestructura cuenta con un parque solar, un estacionamiento con techo solar y otras instalaciones fotovoltaicas sobre las cubiertas del edificio. Estos equipamientos permitir\u00e1n abastecer el consumo energ\u00e9tico del Centro, y a su vez estar\u00e1n conectados a la red de distribuci\u00f3n el\u00e9ctrica local, operada por la empresa EDELAP, por lo que los excedentes no utilizados ser\u00e1n volcados a esa red.<\/p>\n\n\n\n<p>La obra se llev\u00f3 adelante a trav\u00e9s del Programa Provincial de Incentivos a la Generaci\u00f3n Distribuida Renovable (PROINGED), a cargo de una Unidad de coordinaci\u00f3n operativa integrada por el MISP &#8211; a trav\u00e9s de la subsecretar\u00eda de Energ\u00eda &#8211; y el Foro Regional El\u00e9ctrico de Buenos Aires (FREBA), que nuclea a todas las distribuidoras de energ\u00eda el\u00e9ctrica de la provincia y sus municipios.<\/p>\n\n\n\n<p>Asimismo, para realizar este proyecto en conjunto se suscribi\u00f3 un convenio de colaboraci\u00f3n con la Comisi\u00f3n de Investigaciones Cient\u00edficas (CIC), organismo dependiente del Ministerio de Producci\u00f3n, Ciencia e Innovaci\u00f3n Tecnol\u00f3gica, en el marco de la Ley Provincial N\u00b0 14.838 de R\u00e9gimen de Fomento a las energ\u00edas renovables en la Provincia de Buenos Aires<\/p>\n\n\n\n<p>on el nuevo Centro, la Provincia cuenta con su primera sede propia para la investigaci\u00f3n, la difusi\u00f3n y la promoci\u00f3n de tecnolog\u00edas de eficiencia energ\u00e9tica y generaci\u00f3n renovable, complementando la actividad de la CIC, dependiente del Ministerio de Producci\u00f3n, Ciencia e Innovaci\u00f3n Tecnol\u00f3gica, que es uno de los primeros organismos de ciencia y tecnolog\u00eda del pa\u00eds y trabaja con el objetivo de capacitar profesionales y generar conocimiento y soluciones concretas para las y los bonaerenses.<\/p>\n\n\n\n<p>Asimismo, se fomentar\u00e1 la investigaci\u00f3n en \u00e1reas estrat\u00e9gicas vinculadas con temas clave para la Provincia, como celdas solares, irradiaci\u00f3n LED en horticultura, desarrollo de electrodos para bater\u00edas de litio, obtenci\u00f3n y almacenamiento de hidr\u00f3geno y transformaci\u00f3n de pl\u00e1sticos de desecho en combustibles.<\/p>\n\n\n\n<p>A su vez, se generar\u00e1n distintas propuestas orientadas a incentivar la formaci\u00f3n, como pr\u00e1cticas profesionalizantes, capacitaciones, talleres, un laboratorio de energ\u00edas renovables y un circuito demostrativo para que las y los estudiantes de distintos niveles puedan conocer las caracter\u00edsticas y el funcionamiento de los sistemas aplicados a la construcci\u00f3n bioclim\u00e1tica del edificio.<\/p>\n","protected":false},"excerpt":{"rendered":"<p>Con esta sede, la Provincia cuenta con un espacio para la demostraci\u00f3n, investigaci\u00f3n, capacitaci\u00f3n y difusi\u00f3n de tecnolog\u00edas sustentables en materia de eficiencia energ\u00e9tica y energ\u00edas renovables. ubicado en el campus tecnol\u00f3gico de la Comisi\u00f3n de Investigaci\u00f3n Cient\u00edfica (CIC) en la localidad de Gonnet, partido de La Plata. La obra consisti\u00f3 en la construcci\u00f3n de [&hellip;]<\/p>\n","protected":false},"author":2,"featured_media":0,"comment_status":"closed","ping_status":"open","sticky":false,"template":"","format":"standard","meta":{"footnotes":""},"categories":[1419],"tags":[16480,16481],"_links":{"self":[{"href":"https:\/\/agendadelsur.com\/index.php\/wp-json\/wp\/v2\/posts\/58666"}],"collection":[{"href":"https:\/\/agendadelsur.com\/index.php\/wp-json\/wp\/v2\/posts"}],"about":[{"href":"https:\/\/agendadelsur.com\/index.php\/wp-json\/wp\/v2\/types\/post"}],"author":[{"embeddable":true,"href":"https:\/\/agendadelsur.com\/index.php\/wp-json\/wp\/v2\/users\/2"}],"replies":[{"embeddable":true,"href":"https:\/\/agendadelsur.com\/index.php\/wp-json\/wp\/v2\/comments?post=58666"}],"version-history":[{"count":1,"href":"https:\/\/agendadelsur.com\/index.php\/wp-json\/wp\/v2\/posts\/58666\/revisions"}],"predecessor-version":[{"id":58669,"href":"https:\/\/agendadelsur.com\/index.php\/wp-json\/wp\/v2\/posts\/58666\/revisions\/58669"}],"wp:attachment":[{"href":"https:\/\/agendadelsur.com\/index.php\/wp-json\/wp\/v2\/media?parent=58666"}],"wp:term":[{"taxonomy":"category","embeddable":true,"href":"https:\/\/agendadelsur.com\/index.php\/wp-json\/wp\/v2\/categories?post=58666"},{"taxonomy":"post_tag","embeddable":true,"href":"https:\/\/agendadelsur.com\/index.php\/wp-json\/wp\/v2\/tags?post=58666"}],"curies":[{"name":"wp","href":"https:\/\/api.w.org\/{rel}","templated":true}]}}