{"id":5884,"date":"2021-02-17T21:24:05","date_gmt":"2021-02-18T00:24:05","guid":{"rendered":"https:\/\/agendadelsur.com\/?p=5884"},"modified":"2021-02-17T21:26:05","modified_gmt":"2021-02-18T00:26:05","slug":"represion-policial-y-disturbios-en-el-segundo-dia-de-protestas-en-espana-por-la-detencion-del-rapero-pablo-hasel","status":"publish","type":"post","link":"https:\/\/agendadelsur.com\/index.php\/2021\/02\/17\/represion-policial-y-disturbios-en-el-segundo-dia-de-protestas-en-espana-por-la-detencion-del-rapero-pablo-hasel\/","title":{"rendered":"Represi\u00f3n policial y disturbios en el segundo d\u00eda de protestas en Espa\u00f1a por la detenci\u00f3n del rapero Pablo Hasel"},"content":{"rendered":"\n<p><strong>En sus letras, el rapero espa\u00f1ol Pablo Has\u00e9l se refiere al rey em\u00e9rito Juan Carlos I como un &#8220;capo mafioso&#8221; y un &#8220;borracho tirano&#8221; y acusa a la polic\u00eda de torturar y matar a manifestantes y migrantes.<\/strong><\/p>\n\n\n\n<p><strong>Has\u00e9l fue arrestado este martes por los Mossos d&#8217;Esquadra (la polic\u00eda auton\u00f3mica catalana) en la ciudad de Lleida, a unos 150 km de Barcelona, en el noreste de Espa\u00f1a, por &#8220;glorificar el terrorismo&#8221; e insultar a la monarqu\u00eda.<\/strong><\/p>\n\n\n\n<p><strong>La polic\u00eda ingres\u00f3 para detenerlo a la Universidad de Lleida, donde el m\u00fasico (cuyo verdadero nombre es Pablo Rivadulla Duro) se hab\u00eda atrincherado junto una decena de simpatizantes un d\u00eda antes, para evitar cumplir con una condena de c\u00e1rcel.<\/strong><\/p>\n\n\n\n<p><strong>El rapero fue condenado a una pena de nueve meses de prisi\u00f3n por los delitos de &#8220;enaltecimiento del terrorismo e injurias a la Corona y a instituciones estatales&#8221; por sus letras y mensajes en Twitter en los que ataca a la monarqu\u00eda y a la polic\u00eda.<\/strong><\/p>\n\n\n\n<p><strong>Las manifestaciones se han registrado en Barcelona, Madrid, Granada, Tarragona, Girona y Lleida.<\/strong><\/p>\n\n\n\n<p><strong>En Espa\u00f1a, por segundo d\u00eda, se registran fuertes protestas, con cargas policiales y disturbios, por la detenci\u00f3n del rapero Pablo Hasel, ocurrida durante la ma\u00f1ana del lunes.<\/strong><\/p>\n\n\n\n<figure class=\"wp-block-embed-youtube wp-block-embed is-type-video is-provider-youtube wp-embed-aspect-16-9 wp-has-aspect-ratio\"><div class=\"wp-block-embed__wrapper\">\n<div class=\"epyt-video-wrapper\"><iframe loading=\"lazy\"  id=\"_ytid_19171\"  width=\"640\" height=\"360\"  data-origwidth=\"640\" data-origheight=\"360\" src=\"https:\/\/www.youtube.com\/embed\/4krs9tGnKjs?enablejsapi=1&#038;autoplay=0&#038;cc_load_policy=0&#038;cc_lang_pref=&#038;iv_load_policy=1&#038;loop=0&#038;rel=1&#038;fs=1&#038;playsinline=0&#038;autohide=2&#038;theme=dark&#038;color=red&#038;controls=1&#038;disablekb=0&#038;\" class=\"__youtube_prefs__  epyt-is-override  no-lazyload\" title=\"YouTube player\"  allow=\"fullscreen; accelerometer; autoplay; clipboard-write; encrypted-media; gyroscope; picture-in-picture; web-share\" referrerpolicy=\"strict-origin-when-cross-origin\" allowfullscreen data-no-lazy=\"1\" data-skipgform_ajax_framebjll=\"\"><\/iframe><\/div>\n<\/div><\/figure>\n\n\n\n<p><strong>Una de las mayores manifestaciones se realiz\u00f3 en Barcelona, en la zona Jardinets de Gracia de la capital catalana, donde hay una fuerte presencia de los Mossos d&#8217;Esquadra. Esta movilizaci\u00f3n fue convocada por los Comit\u00e9s de Defensa de la Rep\u00fablica (CDR) y arranc\u00f3 a las 19:00 horas.<\/strong><\/p>\n\n\n\n<p><strong>&#8220;Barcelona antifascista&#8221; y &#8220;Libertad, Pablo Hasel&#8221; son algunos de los cantos que se oyeron en la multitudinaria protesta, donde los asistentes iban andando, en bicicleta, en patines o en monopat\u00edn.<\/strong><\/p>\n\n\n\n<p><strong>Tras un rato de marcha, comenzaron los choques entre la Polic\u00eda y los congregados, luego que los uniformados hicieran unas detonaciones para impedir el avance de los asistentes.<\/strong><\/p>\n\n\n\n<p><strong>Algunos de los manifestantes tomaron contenedores de basura y los lanzaron, junto con piedras, contra los veh\u00edculos de los Mossos, en respuesta a las balas de goma que recib\u00edan. Otros armaron una barricada en las inmediaciones de la plaza de Urquinaona, donde encendieron fuego a desechos, que fue apagado por bomberos que llegaron minutos despu\u00e9s.<\/strong><\/p>\n\n\n\n<p><strong>Una situaci\u00f3n similar se registr\u00f3 en la Plaza de Catalu\u00f1a, donde otros de los asistentes a la manifestaci\u00f3n tomaron los contenedores de basura y les prendieron fuego, que fue atendido minutos m\u00e1s tarde por los bomberos, una vez que la Polic\u00eda dispers\u00f3 a los descontentos.<\/strong><\/p>\n\n\n\n<p><strong>Seg\u00fan los Mossos d&#8217;Esquadra, se registraron encontronazos similares entre la Polic\u00eda y los manifestantes, as\u00ed como levantamiento de barricadas, en Girona y en Lleida. Tambi\u00e9n hubo manifestaciones en Tarragona.<\/strong><\/p>\n\n\n\n<p><strong>En Lleida, parte las personas que tomaron parte en la protesta llegaron hasta las inmediaciones de la c\u00e1rcel de Ponent, donde se encuentra recluido el rapero y tambi\u00e9n quemaron contenedores frente al recinto penitenciario. La Polic\u00eda, no obstante, logr\u00f3 disolver la concentraci\u00f3n.<\/strong><\/p>\n\n\n\n<p><strong>Los Mossos d&#8217;Esquadra informaron de la detenci\u00f3n de seis personas en la noche de este mi\u00e9rcoles en Catalu\u00f1a: una en Barcelona, tres en Lleida y dos en Tarragona.<\/strong><\/p>\n\n\n\n<p><strong>En este apartado de los protestas en tierras catalanas, ha trascendido en las \u00faltimas horas que una manifestante herida en la tarde del martes por el impacto de una pelota de goma en la cara ha perdido finalmente el ojo.<\/strong><\/p>\n\n\n\n<p><strong>As\u00ed lo ha confirmado Ir\u00eddia, una asociaci\u00f3n catalana de defensa de los Derechos Humanos. La mujer est\u00e1 ingresada en el Hospital Cl\u00ednic de Barcelona, tras haber sufrido el estallido del globo ocular. Se encuentra en estado grave pero no se teme por su vida.<\/strong><\/p>\n\n\n\n<p><strong>Cientos en Madrid<\/strong><\/p>\n\n\n\n<p><strong>Mientras, en Madrid, centenares de manifestantes acudieron a la Puerta del Sol en la tarde de este mi\u00e9rcoles, convocados por la plataforma Movimiento Antirrepresivo de Madrid, para expresar igualmente su repulsa por el proceso judicial contra Pablo Hasel.<\/strong><\/p>\n\n\n\n<p><strong>En esta manifestaci\u00f3n, que fue anunciada en las redes sociales bajo el lema &#8220;Secuestrado por el Estado \u00a1Todos a la calle! \u00a1Conquistemos su libertad!&#8221;, los asistentes corearon, entre otros c\u00e1nticos: &#8220;Madrid ser\u00e1 la tumba del fascismo&#8221;.<\/strong><\/p>\n\n\n\n<p><strong>Algunos de los presentes portaron carteles en los que se pod\u00eda leer &#8220;Mandan porque nos amordazan&#8221;, &#8220;no nos callar\u00e1n&#8221;, &#8220;Hasel y todos libres&#8221;, &#8220;Rey prisi\u00f3n, Rap libertad&#8221;, &#8220;Basta ya de censura&#8221;, &#8220;No a la ley mordaza&#8221; y &#8220;Censura=Tiran\u00eda&#8221;.<\/strong><\/p>\n\n\n\n<p><strong>La concentraci\u00f3n arranc\u00f3 a las 19.00 horas de manera espont\u00e1nea, sin la autorizaci\u00f3n de la delegaci\u00f3n del Gobierno, por lo que una hora m\u00e1s tarde un abundante dispositivo policial se present\u00f3 en la zona.<\/strong><\/p>\n\n\n\n<p><strong>De acuerdo con el diario P\u00fablico, en torno a las 20.00, decenas de agentes de la Unidad de Intervenci\u00f3n Policial (UIP) efectuaron varias cargas contra los&nbsp; manifestantes, mientras cortaban los accesos a la plaza para impedir tanto la salida de los que se encontraban all\u00ed como la llegada de nuevos grupos.<\/strong><\/p>\n\n\n\n<p><strong>Asimismo se ha reportado ruido de disparos de pelotas de goma y momentos de confusi\u00f3n en los que la abundancia de humo en el ambiente dificultaba la visi\u00f3n.<\/strong><\/p>\n\n\n\n<p><strong>Por su parte, los asistentes a la concentraci\u00f3n de la capital insisten en rese\u00f1ar la violencia policial ejercida por las autoridades.<\/strong><\/p>\n\n\n\n<p><strong>Estas manifestaciones en respaldo a Hasel tambi\u00e9n se han replicado en Granada. Ah\u00ed, los manifestantes tambi\u00e9n han quemado contenedores en las barricadas que han levantado.<\/strong><\/p>\n\n\n\n<p><strong>Seg\u00fan afirm\u00f3 en declaraciones a RT el abogado y analista internacional Jos\u00e9 Manuel Rivero P\u00e9rez, las protestas en Espa\u00f1a no generan preocupaci\u00f3n dentro de la UE sobre la vulneraci\u00f3n del derecho de la expresi\u00f3n, aunque el bloque comunitario &#8220;s\u00ed utiliza e instrumentaliza&#8221; el mismo principio &#8220;para lograr la desestabilizaci\u00f3n en Rusia&#8221; por el caso del opositor ruso Alex\u00e9i Navalny.<\/strong><\/p>\n\n\n\n<p><strong>Fuente: \/actualidad.rt.com\/Agenda del Sur<\/strong><\/p>\n","protected":false},"excerpt":{"rendered":"<p>En sus letras, el rapero espa\u00f1ol Pablo Has\u00e9l se refiere al rey em\u00e9rito Juan Carlos I como un &#8220;capo mafioso&#8221; y un &#8220;borracho tirano&#8221; y acusa a la polic\u00eda de torturar y matar a manifestantes y migrantes. Has\u00e9l fue arrestado este martes por los Mossos d&#8217;Esquadra (la polic\u00eda auton\u00f3mica catalana) en la ciudad de Lleida, [&hellip;]<\/p>\n","protected":false},"author":2,"featured_media":5885,"comment_status":"closed","ping_status":"open","sticky":false,"template":"","format":"standard","meta":{"footnotes":""},"categories":[576],"tags":[1591],"_links":{"self":[{"href":"https:\/\/agendadelsur.com\/index.php\/wp-json\/wp\/v2\/posts\/5884"}],"collection":[{"href":"https:\/\/agendadelsur.com\/index.php\/wp-json\/wp\/v2\/posts"}],"about":[{"href":"https:\/\/agendadelsur.com\/index.php\/wp-json\/wp\/v2\/types\/post"}],"author":[{"embeddable":true,"href":"https:\/\/agendadelsur.com\/index.php\/wp-json\/wp\/v2\/users\/2"}],"replies":[{"embeddable":true,"href":"https:\/\/agendadelsur.com\/index.php\/wp-json\/wp\/v2\/comments?post=5884"}],"version-history":[{"count":2,"href":"https:\/\/agendadelsur.com\/index.php\/wp-json\/wp\/v2\/posts\/5884\/revisions"}],"predecessor-version":[{"id":5887,"href":"https:\/\/agendadelsur.com\/index.php\/wp-json\/wp\/v2\/posts\/5884\/revisions\/5887"}],"wp:featuredmedia":[{"embeddable":true,"href":"https:\/\/agendadelsur.com\/index.php\/wp-json\/wp\/v2\/media\/5885"}],"wp:attachment":[{"href":"https:\/\/agendadelsur.com\/index.php\/wp-json\/wp\/v2\/media?parent=5884"}],"wp:term":[{"taxonomy":"category","embeddable":true,"href":"https:\/\/agendadelsur.com\/index.php\/wp-json\/wp\/v2\/categories?post=5884"},{"taxonomy":"post_tag","embeddable":true,"href":"https:\/\/agendadelsur.com\/index.php\/wp-json\/wp\/v2\/tags?post=5884"}],"curies":[{"name":"wp","href":"https:\/\/api.w.org\/{rel}","templated":true}]}}