{"id":59279,"date":"2025-08-19T00:05:38","date_gmt":"2025-08-19T03:05:38","guid":{"rendered":"https:\/\/agendadelsur.com\/?p=59279"},"modified":"2025-08-19T00:05:39","modified_gmt":"2025-08-19T03:05:39","slug":"mas-obras-en-la-provincia-de-buenos-aires-remodelacion-de-la-diagonal-74-en-la-plata","status":"publish","type":"post","link":"https:\/\/agendadelsur.com\/index.php\/2025\/08\/19\/mas-obras-en-la-provincia-de-buenos-aires-remodelacion-de-la-diagonal-74-en-la-plata\/","title":{"rendered":"M\u00e1s obras en la Provincia de Buenos Aires. Remodelaci\u00f3n de la Diagonal 74 en La Plata."},"content":{"rendered":"\n<h6 class=\"wp-block-heading\">La obra comprende el tramo entre las avenidas 32 y 38 y mejora la fluidez en el tr\u00e1nsito y el acceso a la ciudad desde la Autopista Buenos Aires &#8211; La Plata. Se incorpor\u00f3 un nuevo carril de circulaci\u00f3n y otro exclusivo para estacionamiento en ambos sentidos, en tanto que se cambiaron luminarias y se ejecutaron intervenciones hidr\u00e1ulicas y mejoras en veredas y rampas. Requiri\u00f3 una inversi\u00f3n de $2.000 millones<\/h6>\n\n\n<div class=\"wp-block-image\">\n<figure class=\"aligncenter size-full\"><img loading=\"lazy\" decoding=\"async\" width=\"500\" height=\"356\" src=\"https:\/\/agendadelsur.com\/wp-content\/uploads\/2025\/08\/77A1199-1.jpg\" alt=\"\" class=\"wp-image-59281\" srcset=\"https:\/\/agendadelsur.com\/wp-content\/uploads\/2025\/08\/77A1199-1.jpg 500w, https:\/\/agendadelsur.com\/wp-content\/uploads\/2025\/08\/77A1199-1-300x214.jpg 300w\" sizes=\"(max-width: 500px) 100vw, 500px\" \/><figcaption class=\"wp-element-caption\"><em>El Gobernador Axel Kicillof junto al intendente de La Plata, Julio Alak <\/em><\/figcaption><\/figure><\/div>\n\n\n<p>El gobernador de la provincia de Buenos Aires, Axel Kicillof, encabez\u00f3 este jueves junto al intendente de La Plata, Julio Alak, el acto de inauguraci\u00f3n de la obra de ensanche y repavimentaci\u00f3n sobre un tramo de Diagonal 74, una de las principales v\u00edas de acceso a la ciudad.<\/p>\n\n\n\n<p>En ese marco, Kicillof afirm\u00f3: \u201cEsta obra era fundamental para mejorar la log\u00edstica, el flujo vehicular y la seguridad vial de m\u00e1s de 250 mil personas que transitan por la zona todos los d\u00edas\u201d. \u201cGracias al trabajo conjunto con el intendente Julio Alak y las autoridades municipales, concretamos tambi\u00e9n la bajada de la autopista en la avenida 520 y seguimos trabajando para poner el patrimonio y recuperar el prestigio de la capital de todos los bonaerenses\u201d, agreg\u00f3.<\/p>\n\n\n\n<p>\u201cNos dol\u00eda ver el estado de abandono de la ciudad de La Plata, por eso ahora, aunque el Gobierno nacional est\u00e9 empe\u00f1ado en destruir el federalismo y desfinanciar a la provincia de Buenos Aires, redoblamos los esfuerzos y la creatividad para sostener las obras que mejoran las condiciones de vida de nuestro pueblo\u201d, sostuvo el Gobernador y a\u00f1adi\u00f3: \u201cSolo aqu\u00ed en La Plata tenemos m\u00e1s de 100 frentes de obra en distintos barrios: estamos repavimentando m\u00e1s de 2 mil cuadres, arreglando 200 escuelas y haciendo todos los trabajos hidr\u00e1ulicos que se necesitan\u201d.<\/p>\n\n\n\n<p>Por su parte, Alak subray\u00f3: \u201cEsta inauguraci\u00f3n no es solo una nueva entrada a La Plata: es seguridad, accesibilidad, mejor iluminaci\u00f3n y una mayor fluidez en el tr\u00e1nsito\u201d. \u201cAdem\u00e1s, es la muestra de un Gobierno municipal que no lleg\u00f3 para recortar derechos, ni para ausentarse de sus responsabilidades: vinimos para invertir, planificar y trabajar para que los vecinos y vecinas tengan la ciudad que se merecen\u201d, se\u00f1al\u00f3.<\/p>\n\n\n\n<p>Fuente: Prensa Gobierno de la Provincia de Buenos Aires \/ Foto portada: <a href=\"https:\/\/elconstructor.com\/\">https:\/\/elconstructor.com\/<\/a><\/p>\n","protected":false},"excerpt":{"rendered":"<p>La obra comprende el tramo entre las avenidas 32 y 38 y mejora la fluidez en el tr\u00e1nsito y el acceso a la ciudad desde la Autopista Buenos Aires &#8211; La Plata. Se incorpor\u00f3 un nuevo carril de circulaci\u00f3n y otro exclusivo para estacionamiento en ambos sentidos, en tanto que se cambiaron luminarias y se [&hellip;]<\/p>\n","protected":false},"author":2,"featured_media":59280,"comment_status":"closed","ping_status":"open","sticky":false,"template":"","format":"standard","meta":{"footnotes":""},"categories":[1419],"tags":[],"_links":{"self":[{"href":"https:\/\/agendadelsur.com\/index.php\/wp-json\/wp\/v2\/posts\/59279"}],"collection":[{"href":"https:\/\/agendadelsur.com\/index.php\/wp-json\/wp\/v2\/posts"}],"about":[{"href":"https:\/\/agendadelsur.com\/index.php\/wp-json\/wp\/v2\/types\/post"}],"author":[{"embeddable":true,"href":"https:\/\/agendadelsur.com\/index.php\/wp-json\/wp\/v2\/users\/2"}],"replies":[{"embeddable":true,"href":"https:\/\/agendadelsur.com\/index.php\/wp-json\/wp\/v2\/comments?post=59279"}],"version-history":[{"count":1,"href":"https:\/\/agendadelsur.com\/index.php\/wp-json\/wp\/v2\/posts\/59279\/revisions"}],"predecessor-version":[{"id":59282,"href":"https:\/\/agendadelsur.com\/index.php\/wp-json\/wp\/v2\/posts\/59279\/revisions\/59282"}],"wp:featuredmedia":[{"embeddable":true,"href":"https:\/\/agendadelsur.com\/index.php\/wp-json\/wp\/v2\/media\/59280"}],"wp:attachment":[{"href":"https:\/\/agendadelsur.com\/index.php\/wp-json\/wp\/v2\/media?parent=59279"}],"wp:term":[{"taxonomy":"category","embeddable":true,"href":"https:\/\/agendadelsur.com\/index.php\/wp-json\/wp\/v2\/categories?post=59279"},{"taxonomy":"post_tag","embeddable":true,"href":"https:\/\/agendadelsur.com\/index.php\/wp-json\/wp\/v2\/tags?post=59279"}],"curies":[{"name":"wp","href":"https:\/\/api.w.org\/{rel}","templated":true}]}}