{"id":59287,"date":"2025-08-19T16:08:31","date_gmt":"2025-08-19T19:08:31","guid":{"rendered":"https:\/\/agendadelsur.com\/?p=59287"},"modified":"2025-08-19T16:08:33","modified_gmt":"2025-08-19T19:08:33","slug":"la-pelicula-del-escultor-leo-vinci-se-exhibira-en-la-plata","status":"publish","type":"post","link":"https:\/\/agendadelsur.com\/index.php\/2025\/08\/19\/la-pelicula-del-escultor-leo-vinci-se-exhibira-en-la-plata\/","title":{"rendered":"La pel\u00edcula del escultor Leo Vinci se exhibir\u00e1 en La Plata"},"content":{"rendered":"\n<h5 class=\"wp-block-heading\"><strong><em>El pr\u00f3ximo domingo se proyectar\u00e1 el largometraje &#8220;Vinci, Cuerpo a Cuerpo&#8221; sobre el maestro escultor Leo Vinci en el Auditorio de la Catedral de La Plata el domingo 24 de agosto a las 16:00 horas.<\/em><\/strong><\/h5>\n\n\n<div class=\"wp-block-image\">\n<figure class=\"aligncenter size-large is-resized\"><img loading=\"lazy\" decoding=\"async\" width=\"819\" height=\"1024\" src=\"https:\/\/agendadelsur.com\/wp-content\/uploads\/2025\/08\/facebook_1755560666638_7363355126323247249-819x1024.jpg\" alt=\"\" class=\"wp-image-59288\" style=\"width:472px;height:auto\" srcset=\"https:\/\/agendadelsur.com\/wp-content\/uploads\/2025\/08\/facebook_1755560666638_7363355126323247249-819x1024.jpg 819w, https:\/\/agendadelsur.com\/wp-content\/uploads\/2025\/08\/facebook_1755560666638_7363355126323247249-240x300.jpg 240w, https:\/\/agendadelsur.com\/wp-content\/uploads\/2025\/08\/facebook_1755560666638_7363355126323247249-768x960.jpg 768w, https:\/\/agendadelsur.com\/wp-content\/uploads\/2025\/08\/facebook_1755560666638_7363355126323247249.jpg 1080w\" sizes=\"(max-width: 819px) 100vw, 819px\" \/><\/figure><\/div>\n\n\n<p>Esta actividad se enmarca dentro de las iniciativas de la Asociaci\u00f3n Argentina de Artistas Escultores para visibilizar el patrimonio art\u00edstico argentino y fomentar el di\u00e1logo entre creadores y p\u00fablico. Ser\u00e1 un evento con Homenaje a Leo Vinci que contar\u00e1 con la presencia del artista y tambi\u00e9n contar\u00e1 con una muestra de 70 esculturas de grandes maestros y emergentes de 1er nivel.<\/p>\n\n\n\n<p>&nbsp;El ingreso a la sala es gratuito, con reserva previa en <a href=\"aadaebaires@gmail.com\">aadaebaires@gmail.com<\/a>, hasta completar el cupo.<\/p>\n\n\n\n<p>TRAILER DE LA PEL\u00cdCULA:<\/p>\n\n\n\n<figure class=\"wp-block-embed is-type-video is-provider-youtube wp-block-embed-youtube wp-embed-aspect-16-9 wp-has-aspect-ratio\"><div class=\"wp-block-embed__wrapper\">\n<div class=\"epyt-video-wrapper\"><iframe loading=\"lazy\"  id=\"_ytid_98931\"  width=\"640\" height=\"360\"  data-origwidth=\"640\" data-origheight=\"360\" src=\"https:\/\/www.youtube.com\/embed\/8-TKJrQYsb8?enablejsapi=1&#038;autoplay=0&#038;cc_load_policy=0&#038;cc_lang_pref=&#038;iv_load_policy=1&#038;loop=0&#038;rel=1&#038;fs=1&#038;playsinline=0&#038;autohide=2&#038;theme=dark&#038;color=red&#038;controls=1&#038;disablekb=0&#038;\" class=\"__youtube_prefs__  epyt-is-override  no-lazyload\" title=\"YouTube player\"  allow=\"fullscreen; accelerometer; autoplay; clipboard-write; encrypted-media; gyroscope; picture-in-picture; web-share\" referrerpolicy=\"strict-origin-when-cross-origin\" allowfullscreen data-no-lazy=\"1\" data-skipgform_ajax_framebjll=\"\"><\/iframe><\/div>\n<\/div><\/figure>\n","protected":false},"excerpt":{"rendered":"<p>El pr\u00f3ximo domingo se proyectar\u00e1 el largometraje &#8220;Vinci, Cuerpo a Cuerpo&#8221; sobre el maestro escultor Leo Vinci en el Auditorio de la Catedral de La Plata el domingo 24 de agosto a las 16:00 horas. Esta actividad se enmarca dentro de las iniciativas de la Asociaci\u00f3n Argentina de Artistas Escultores para visibilizar el patrimonio art\u00edstico [&hellip;]<\/p>\n","protected":false},"author":2,"featured_media":59289,"comment_status":"closed","ping_status":"open","sticky":false,"template":"","format":"standard","meta":{"footnotes":""},"categories":[6293,1419],"tags":[16639,16640],"_links":{"self":[{"href":"https:\/\/agendadelsur.com\/index.php\/wp-json\/wp\/v2\/posts\/59287"}],"collection":[{"href":"https:\/\/agendadelsur.com\/index.php\/wp-json\/wp\/v2\/posts"}],"about":[{"href":"https:\/\/agendadelsur.com\/index.php\/wp-json\/wp\/v2\/types\/post"}],"author":[{"embeddable":true,"href":"https:\/\/agendadelsur.com\/index.php\/wp-json\/wp\/v2\/users\/2"}],"replies":[{"embeddable":true,"href":"https:\/\/agendadelsur.com\/index.php\/wp-json\/wp\/v2\/comments?post=59287"}],"version-history":[{"count":1,"href":"https:\/\/agendadelsur.com\/index.php\/wp-json\/wp\/v2\/posts\/59287\/revisions"}],"predecessor-version":[{"id":59290,"href":"https:\/\/agendadelsur.com\/index.php\/wp-json\/wp\/v2\/posts\/59287\/revisions\/59290"}],"wp:featuredmedia":[{"embeddable":true,"href":"https:\/\/agendadelsur.com\/index.php\/wp-json\/wp\/v2\/media\/59289"}],"wp:attachment":[{"href":"https:\/\/agendadelsur.com\/index.php\/wp-json\/wp\/v2\/media?parent=59287"}],"wp:term":[{"taxonomy":"category","embeddable":true,"href":"https:\/\/agendadelsur.com\/index.php\/wp-json\/wp\/v2\/categories?post=59287"},{"taxonomy":"post_tag","embeddable":true,"href":"https:\/\/agendadelsur.com\/index.php\/wp-json\/wp\/v2\/tags?post=59287"}],"curies":[{"name":"wp","href":"https:\/\/api.w.org\/{rel}","templated":true}]}}