{"id":59430,"date":"2025-08-27T01:17:46","date_gmt":"2025-08-27T04:17:46","guid":{"rendered":"https:\/\/agendadelsur.com\/?p=59430"},"modified":"2025-08-27T01:17:47","modified_gmt":"2025-08-27T04:17:47","slug":"la-provincia-de-buenos-aires-prosigue-con-la-obra-publica-avanzan-los-trabajos-de-la-nueva-autovia-de-la-ruta-provincial-11","status":"publish","type":"post","link":"https:\/\/agendadelsur.com\/index.php\/2025\/08\/27\/la-provincia-de-buenos-aires-prosigue-con-la-obra-publica-avanzan-los-trabajos-de-la-nueva-autovia-de-la-ruta-provincial-11\/","title":{"rendered":"La Provincia de Buenos Aires prosigue con la obra p\u00fablica. Avanzan los trabajos de la nueva autov\u00eda de la Ruta Provincial 11."},"content":{"rendered":"\n<h6 class=\"wp-block-heading\">La duplicaci\u00f3n de calzada brindar\u00e1 mayor seguridad vial en la ruta interbalnearia por la que durante la temporada de verano llegan a circular 7.000 veh\u00edculos por d\u00eda. La obra incluye la construcci\u00f3n de banquinas pavimentadas en ambas calzadas y de sistemas de retornos cada 3,5 km, junto a la duplicaci\u00f3n de 7 puentes sobre cursos h\u00eddricos y 54 alcantarillas. Tambi\u00e9n, se remodelar\u00e1n las intersecciones en los accesos a Villa Gesell, Mar Azul y Mar de las Pampas, y se construir\u00e1 una nueva intersecci\u00f3n rotacional en el acceso a Mar Chiquita. A pesar que Milei suspendi\u00f3 casi 1000 emprendimientos en la provincia el Gobernador Axel Kicillof con recursos propios, reactiv\u00f3 m\u00e1s de 300.<\/h6>\n\n\n<div class=\"wp-block-image\">\n<figure class=\"aligncenter size-full\"><img loading=\"lazy\" decoding=\"async\" width=\"500\" height=\"333\" src=\"https:\/\/agendadelsur.com\/wp-content\/uploads\/2025\/08\/1-13.jpg\" alt=\"\" class=\"wp-image-59432\" srcset=\"https:\/\/agendadelsur.com\/wp-content\/uploads\/2025\/08\/1-13.jpg 500w, https:\/\/agendadelsur.com\/wp-content\/uploads\/2025\/08\/1-13-300x200.jpg 300w\" sizes=\"(max-width: 500px) 100vw, 500px\" \/><\/figure><\/div>\n\n\n<p>El Ministerio de Infraestructura y Servicios A pesar de que trav\u00e9s de la Direcci\u00f3n de Vialidad, avanza con la obra de transformaci\u00f3n en autov\u00eda de la Ruta Provincial 11, entre Villa Gesell y Mar Chiquita.<\/p>\n\n\n\n<p>Ya se habilitaron 2,6 km m\u00e1s de la nueva autov\u00eda, entre el km 416 y el km 423 en el municipio de Villa Gesell. Con este tramo, ubicado entre los accesos de Mar de las Pampas y Mar Azul, ya suman 12 km de nueva autov\u00eda disponibles para la circulaci\u00f3n, que se habilitaron entre febrero y agosto de este a\u00f1o.<\/p>\n\n\n\n<p>Asimismo, contin\u00faan en ejecuci\u00f3n los trabajos sobre el segmento restante, para completar el total de 39,4 km sobre la secci\u00f3n 1, que se extiende entre Villa Gesell y Canal 5; mientras que en la secci\u00f3n 2 de la obra contin\u00faan los trabajos de duplicaci\u00f3n de calzada sobre 33 km entre Canal 5 (km 449) y Mar Chiquita (km 482).<\/p>\n\n\n\n<p>La nueva Autov\u00eda permitir\u00e1 potenciar el desarrollo tur\u00edstico y econ\u00f3mico de los municipios que atraviesan este corredor y mejorar la seguridad vial de miles de personas que visitan la costa atl\u00e1ntica en verano.<\/p>\n\n\n\n<p>La RP 11, que tiene una extensi\u00f3n total de 583 km y atraviesa 17 municipios, es una v\u00eda clave que potenci\u00f3 el crecimiento de las localidades de la costa bonaerense, por lo que la transformaci\u00f3n en autov\u00eda de un nuevo tramo mejorar\u00e1 la conectividad y favorecer\u00e1 la actividad econ\u00f3mica regional.<\/p>\n\n\n\n<p>La RP 11 ya es autov\u00eda en 189 km entre el empalme con la RP 63, en el paraje Esquina de Crotto, en Tordillo, y Mar del Plata, en General Pueyrred\u00f3n, una traza que entre estos municipios tiene una extensi\u00f3n total de 310 km. Con esta obra, la Autov\u00eda sumar\u00e1 un total de 261,4 km de doble calzada.<\/p>\n\n\n<div class=\"wp-block-image\">\n<figure class=\"aligncenter size-full is-resized\"><img loading=\"lazy\" decoding=\"async\" width=\"300\" height=\"300\" src=\"https:\/\/agendadelsur.com\/wp-content\/uploads\/2025\/08\/TOTAL-2-1.jpg\" alt=\"\" class=\"wp-image-59189\" style=\"width:446px;height:auto\" srcset=\"https:\/\/agendadelsur.com\/wp-content\/uploads\/2025\/08\/TOTAL-2-1.jpg 300w, https:\/\/agendadelsur.com\/wp-content\/uploads\/2025\/08\/TOTAL-2-1-150x150.jpg 150w\" sizes=\"(max-width: 300px) 100vw, 300px\" \/><\/figure><\/div>","protected":false},"excerpt":{"rendered":"<p>La duplicaci\u00f3n de calzada brindar\u00e1 mayor seguridad vial en la ruta interbalnearia por la que durante la temporada de verano llegan a circular 7.000 veh\u00edculos por d\u00eda. La obra incluye la construcci\u00f3n de banquinas pavimentadas en ambas calzadas y de sistemas de retornos cada 3,5 km, junto a la duplicaci\u00f3n de 7 puentes sobre cursos [&hellip;]<\/p>\n","protected":false},"author":2,"featured_media":59431,"comment_status":"closed","ping_status":"open","sticky":false,"template":"","format":"standard","meta":{"footnotes":""},"categories":[1419],"tags":[16672,16671],"_links":{"self":[{"href":"https:\/\/agendadelsur.com\/index.php\/wp-json\/wp\/v2\/posts\/59430"}],"collection":[{"href":"https:\/\/agendadelsur.com\/index.php\/wp-json\/wp\/v2\/posts"}],"about":[{"href":"https:\/\/agendadelsur.com\/index.php\/wp-json\/wp\/v2\/types\/post"}],"author":[{"embeddable":true,"href":"https:\/\/agendadelsur.com\/index.php\/wp-json\/wp\/v2\/users\/2"}],"replies":[{"embeddable":true,"href":"https:\/\/agendadelsur.com\/index.php\/wp-json\/wp\/v2\/comments?post=59430"}],"version-history":[{"count":1,"href":"https:\/\/agendadelsur.com\/index.php\/wp-json\/wp\/v2\/posts\/59430\/revisions"}],"predecessor-version":[{"id":59433,"href":"https:\/\/agendadelsur.com\/index.php\/wp-json\/wp\/v2\/posts\/59430\/revisions\/59433"}],"wp:featuredmedia":[{"embeddable":true,"href":"https:\/\/agendadelsur.com\/index.php\/wp-json\/wp\/v2\/media\/59431"}],"wp:attachment":[{"href":"https:\/\/agendadelsur.com\/index.php\/wp-json\/wp\/v2\/media?parent=59430"}],"wp:term":[{"taxonomy":"category","embeddable":true,"href":"https:\/\/agendadelsur.com\/index.php\/wp-json\/wp\/v2\/categories?post=59430"},{"taxonomy":"post_tag","embeddable":true,"href":"https:\/\/agendadelsur.com\/index.php\/wp-json\/wp\/v2\/tags?post=59430"}],"curies":[{"name":"wp","href":"https:\/\/api.w.org\/{rel}","templated":true}]}}