{"id":59445,"date":"2025-08-28T02:26:00","date_gmt":"2025-08-28T05:26:00","guid":{"rendered":"https:\/\/agendadelsur.com\/?p=59445"},"modified":"2025-08-28T02:26:01","modified_gmt":"2025-08-28T05:26:01","slug":"fallecio-el-gran-maestro-de-acordeon-raul-barboza","status":"publish","type":"post","link":"https:\/\/agendadelsur.com\/index.php\/2025\/08\/28\/fallecio-el-gran-maestro-de-acordeon-raul-barboza\/","title":{"rendered":"Falleci\u00f3 el gran maestro de acorde\u00f3n Ra\u00fal Barboza"},"content":{"rendered":"\n<h6 class=\"wp-block-heading\">Este mi\u00e9rcoles 27 de agosto muri\u00f3 a los 87 a\u00f1os Ra\u00fal Barboza. El acordeonista, compositor y embajador cultural falleci\u00f3 en Par\u00eds, ciudad que lo acogi\u00f3 en 1987 tras una exitosa carrera en Argentina, que contin\u00fao en Europa. Su partida deja un gran vac\u00edo en la m\u00fasica litorale\u00f1a, pero tambi\u00e9n un legado imborrable que trasciende fronteras y generaciones.<\/h6>\n\n\n<div class=\"wp-block-image\">\n<figure class=\"aligncenter size-full is-resized\"><img loading=\"lazy\" decoding=\"async\" width=\"500\" height=\"281\" src=\"https:\/\/agendadelsur.com\/wp-content\/uploads\/2025\/08\/1.-barbosa.png\" alt=\"\" class=\"wp-image-59447\" style=\"width:586px;height:auto\" srcset=\"https:\/\/agendadelsur.com\/wp-content\/uploads\/2025\/08\/1.-barbosa.png 500w, https:\/\/agendadelsur.com\/wp-content\/uploads\/2025\/08\/1.-barbosa-300x169.png 300w\" sizes=\"(max-width: 500px) 100vw, 500px\" \/><\/figure><\/div>\n\n\n<p>Ra\u00fal Barboza naci\u00f3 el 22 de junio de 1938 en Buenos Aires, aunque su familia era originaria de Corrientes.<\/p>\n\n\n\n<p>As\u00ed lo record\u00f3 el Chango Spasiuk: \u201cHace casi 50 a\u00f1os empec\u00e9 a escuchar sus discos en Ap\u00f3stoles Misiones, para mi generaci\u00f3n y para muchas otras generaciones, Raul Barboza siempre fue y ser\u00e1 el gran maestro de acorde\u00f3n en Argentina, el que a todos con su manera y su sonido nos ha invitado a estudiar el instrumento, intentar ser mejores con el acorde\u00f3n. La vida ha sido tan generosa conmigo, que he disfrutado de sus discos y de verlo en vivo y he tenido el regalo de grabar con \u00e9l y de girar con \u00e9l y de dar conciertos juntos en Argentina como en otros lugares del mundo.<\/p>\n\n\n\n<p>Como dijo en su momento Astor Piazzolla hablando de el en una carta a un peri\u00f3dico Frances, para tocar esta m\u00fasica no solamente hay que nacer en la regi\u00f3n y en la tradici\u00f3n de esta m\u00fasica, tambi\u00e9n para tocar as\u00ed, hay que nacer Raul Barboza!<\/p>\n\n\n\n<p>Hay grandes acorde\u00f3nistas en la historia de nuestro pa\u00eds, pero ninguno que simbolice y que abarque tanto como Raul Barboza aqu\u00ed y en todo el mundo, con el debido respeto que se merecen muchos otros m\u00fasicos de este instrumento, s\u00ed tendr\u00eda que haber un d\u00eda Nacional del acorde\u00f3n en la Argentina tendr\u00eda que ser recordando a este gran maestro que hoy nos ha dejado f\u00edsicamente, pero su m\u00fasica nos acompa\u00f1ar\u00e1 por siempre\u201d. \u201cAbrazo a su familia\u201d, Chango Spasiuk.<\/p>\n\n\n<div class=\"wp-block-image\">\n<figure class=\"aligncenter size-full is-resized\"><img loading=\"lazy\" decoding=\"async\" width=\"300\" height=\"300\" src=\"https:\/\/agendadelsur.com\/wp-content\/uploads\/2025\/08\/agenda-del-sur.png\" alt=\"\" class=\"wp-image-59258\" style=\"width:520px;height:auto\" srcset=\"https:\/\/agendadelsur.com\/wp-content\/uploads\/2025\/08\/agenda-del-sur.png 300w, https:\/\/agendadelsur.com\/wp-content\/uploads\/2025\/08\/agenda-del-sur-150x150.png 150w\" sizes=\"(max-width: 300px) 100vw, 300px\" \/><\/figure><\/div>","protected":false},"excerpt":{"rendered":"<p>Este mi\u00e9rcoles 27 de agosto muri\u00f3 a los 87 a\u00f1os Ra\u00fal Barboza. El acordeonista, compositor y embajador cultural falleci\u00f3 en Par\u00eds, ciudad que lo acogi\u00f3 en 1987 tras una exitosa carrera en Argentina, que contin\u00fao en Europa. Su partida deja un gran vac\u00edo en la m\u00fasica litorale\u00f1a, pero tambi\u00e9n un legado imborrable que trasciende fronteras [&hellip;]<\/p>\n","protected":false},"author":2,"featured_media":59446,"comment_status":"closed","ping_status":"open","sticky":false,"template":"","format":"standard","meta":{"footnotes":""},"categories":[576,9],"tags":[16677,16676],"_links":{"self":[{"href":"https:\/\/agendadelsur.com\/index.php\/wp-json\/wp\/v2\/posts\/59445"}],"collection":[{"href":"https:\/\/agendadelsur.com\/index.php\/wp-json\/wp\/v2\/posts"}],"about":[{"href":"https:\/\/agendadelsur.com\/index.php\/wp-json\/wp\/v2\/types\/post"}],"author":[{"embeddable":true,"href":"https:\/\/agendadelsur.com\/index.php\/wp-json\/wp\/v2\/users\/2"}],"replies":[{"embeddable":true,"href":"https:\/\/agendadelsur.com\/index.php\/wp-json\/wp\/v2\/comments?post=59445"}],"version-history":[{"count":1,"href":"https:\/\/agendadelsur.com\/index.php\/wp-json\/wp\/v2\/posts\/59445\/revisions"}],"predecessor-version":[{"id":59448,"href":"https:\/\/agendadelsur.com\/index.php\/wp-json\/wp\/v2\/posts\/59445\/revisions\/59448"}],"wp:featuredmedia":[{"embeddable":true,"href":"https:\/\/agendadelsur.com\/index.php\/wp-json\/wp\/v2\/media\/59446"}],"wp:attachment":[{"href":"https:\/\/agendadelsur.com\/index.php\/wp-json\/wp\/v2\/media?parent=59445"}],"wp:term":[{"taxonomy":"category","embeddable":true,"href":"https:\/\/agendadelsur.com\/index.php\/wp-json\/wp\/v2\/categories?post=59445"},{"taxonomy":"post_tag","embeddable":true,"href":"https:\/\/agendadelsur.com\/index.php\/wp-json\/wp\/v2\/tags?post=59445"}],"curies":[{"name":"wp","href":"https:\/\/api.w.org\/{rel}","templated":true}]}}