{"id":59493,"date":"2025-08-30T02:19:04","date_gmt":"2025-08-30T05:19:04","guid":{"rendered":"https:\/\/agendadelsur.com\/?p=59493"},"modified":"2025-08-30T02:19:05","modified_gmt":"2025-08-30T05:19:05","slug":"cumbre-de-la-organizacion-de-cooperacion-de-shanghai","status":"publish","type":"post","link":"https:\/\/agendadelsur.com\/index.php\/2025\/08\/30\/cumbre-de-la-organizacion-de-cooperacion-de-shanghai\/","title":{"rendered":"Cumbre de la Organizaci\u00f3n de Cooperaci\u00f3n de Shangh\u00e1i"},"content":{"rendered":"\n<h6 class=\"wp-block-heading\">El encuentro estar\u00e1 encabezado por el presidente Xi Jinping, quien compartir\u00e1 espacio con l\u00edderes como Vlad\u00edmir Putin. Reunir\u00e1 a m\u00e1s de 20 l\u00edderes del mundo en China. La Organizaci\u00f3n de Cooperaci\u00f3n de Shangh\u00e1i (OCS) celebrar\u00e1 desde este 31 de agosto al 1 de septiembre su cumbre m\u00e1s trascendental desde su fundaci\u00f3n, centrada en la ampliaci\u00f3n de alianzas y el fortalecimiento de v\u00ednculos entre los pa\u00edses miembros en \u00e1reas como econom\u00eda, educaci\u00f3n, cultura y seguridad regional.<\/h6>\n\n\n<div class=\"wp-block-image\">\n<figure class=\"aligncenter size-full is-resized\"><img loading=\"lazy\" decoding=\"async\" width=\"500\" height=\"281\" src=\"https:\/\/agendadelsur.com\/wp-content\/uploads\/2025\/08\/68b230fde9ff713fd705dcf2.jpg\" alt=\"\" class=\"wp-image-59495\" style=\"width:572px;height:auto\" srcset=\"https:\/\/agendadelsur.com\/wp-content\/uploads\/2025\/08\/68b230fde9ff713fd705dcf2.jpg 500w, https:\/\/agendadelsur.com\/wp-content\/uploads\/2025\/08\/68b230fde9ff713fd705dcf2-300x169.jpg 300w\" sizes=\"(max-width: 500px) 100vw, 500px\" \/><figcaption class=\"wp-element-caption\"><em>Presidente Xi Jinping junto ala Presidente Vlad\u00edmir Putin<\/em><\/figcaption><\/figure><\/div>\n\n\n<p><a href=\"https:\/\/t.co\/vp8QkCTkCO\">https:\/\/t.co\/vp8QkCTkCO<\/a><\/p>\n\n\n\n<p>El encuentro, que se realizar\u00e1 en la ciudad de Tianjin, estar\u00e1 encabezado por el presidente de China, Xi Jinping, quien compartir\u00e1 espacio con l\u00edderes como Vlad\u00edmir Putin, de Rusia; Alexander Lukashenko, de Belar\u00fas; el primer ministro de India, Narendra Modi; y el presidente de Ir\u00e1n, Masoud Pezeshkian. Durante la cumbre se abordar\u00e1n temas clave como la evaluaci\u00f3n de los avances de la organizaci\u00f3n, la definici\u00f3n de nuevas estrategias de desarrollo y el refuerzo de la cooperaci\u00f3n multilateral.<\/p>\n\n\n\n<p>Participar\u00e1n los pa\u00edses miembros: India, Ir\u00e1n, Kazajist\u00e1n, China, Kirguist\u00e1n, Rusia, Tayikist\u00e1n, Pakist\u00e1n y Uzbekist\u00e1n, junto a los Estados asociados: Azerbaiy\u00e1n, Armenia, Camboya, Nepal, Emiratos \u00c1rabes Unidos, T\u00fcrkiye y Sri Lanka. Por su parte, Afganist\u00e1n y Mongolia ejercer\u00e1n su rol como observadores, acompa\u00f1ados por m\u00e1s de 20 jefes de Estado.<\/p>\n\n\n\n<p>Fuente: www.telesurtv.net\/<\/p>\n\n\n<div class=\"wp-block-image\">\n<figure class=\"aligncenter size-full is-resized\"><img loading=\"lazy\" decoding=\"async\" width=\"300\" height=\"300\" src=\"https:\/\/agendadelsur.com\/wp-content\/uploads\/2025\/08\/aviso-2024-300300-Agenda-del-sur-web_Mesa-de-trabajo-1.jpg\" alt=\"\" class=\"wp-image-59302\" style=\"width:438px;height:auto\" srcset=\"https:\/\/agendadelsur.com\/wp-content\/uploads\/2025\/08\/aviso-2024-300300-Agenda-del-sur-web_Mesa-de-trabajo-1.jpg 300w, https:\/\/agendadelsur.com\/wp-content\/uploads\/2025\/08\/aviso-2024-300300-Agenda-del-sur-web_Mesa-de-trabajo-1-150x150.jpg 150w\" sizes=\"(max-width: 300px) 100vw, 300px\" \/><\/figure><\/div>","protected":false},"excerpt":{"rendered":"<p>El encuentro estar\u00e1 encabezado por el presidente Xi Jinping, quien compartir\u00e1 espacio con l\u00edderes como Vlad\u00edmir Putin. Reunir\u00e1 a m\u00e1s de 20 l\u00edderes del mundo en China. La Organizaci\u00f3n de Cooperaci\u00f3n de Shangh\u00e1i (OCS) celebrar\u00e1 desde este 31 de agosto al 1 de septiembre su cumbre m\u00e1s trascendental desde su fundaci\u00f3n, centrada en la ampliaci\u00f3n [&hellip;]<\/p>\n","protected":false},"author":2,"featured_media":59494,"comment_status":"closed","ping_status":"open","sticky":false,"template":"","format":"standard","meta":{"footnotes":""},"categories":[576],"tags":[16690,16689,16691],"_links":{"self":[{"href":"https:\/\/agendadelsur.com\/index.php\/wp-json\/wp\/v2\/posts\/59493"}],"collection":[{"href":"https:\/\/agendadelsur.com\/index.php\/wp-json\/wp\/v2\/posts"}],"about":[{"href":"https:\/\/agendadelsur.com\/index.php\/wp-json\/wp\/v2\/types\/post"}],"author":[{"embeddable":true,"href":"https:\/\/agendadelsur.com\/index.php\/wp-json\/wp\/v2\/users\/2"}],"replies":[{"embeddable":true,"href":"https:\/\/agendadelsur.com\/index.php\/wp-json\/wp\/v2\/comments?post=59493"}],"version-history":[{"count":1,"href":"https:\/\/agendadelsur.com\/index.php\/wp-json\/wp\/v2\/posts\/59493\/revisions"}],"predecessor-version":[{"id":59496,"href":"https:\/\/agendadelsur.com\/index.php\/wp-json\/wp\/v2\/posts\/59493\/revisions\/59496"}],"wp:featuredmedia":[{"embeddable":true,"href":"https:\/\/agendadelsur.com\/index.php\/wp-json\/wp\/v2\/media\/59494"}],"wp:attachment":[{"href":"https:\/\/agendadelsur.com\/index.php\/wp-json\/wp\/v2\/media?parent=59493"}],"wp:term":[{"taxonomy":"category","embeddable":true,"href":"https:\/\/agendadelsur.com\/index.php\/wp-json\/wp\/v2\/categories?post=59493"},{"taxonomy":"post_tag","embeddable":true,"href":"https:\/\/agendadelsur.com\/index.php\/wp-json\/wp\/v2\/tags?post=59493"}],"curies":[{"name":"wp","href":"https:\/\/api.w.org\/{rel}","templated":true}]}}