{"id":59546,"date":"2025-09-03T01:27:20","date_gmt":"2025-09-03T04:27:20","guid":{"rendered":"https:\/\/agendadelsur.com\/?p=59546"},"modified":"2025-09-03T01:27:21","modified_gmt":"2025-09-03T04:27:21","slug":"megadesfile-militar-en-pekin-por-el-80o-aniversario-de-la-victoria-del-pueblo-chino-contra-la-agresion-japonesa-y-la-aniquilacion-del-fascismo","status":"publish","type":"post","link":"https:\/\/agendadelsur.com\/index.php\/2025\/09\/03\/megadesfile-militar-en-pekin-por-el-80o-aniversario-de-la-victoria-del-pueblo-chino-contra-la-agresion-japonesa-y-la-aniquilacion-del-fascismo\/","title":{"rendered":"Megadesfile militar en Pek\u00edn por el 80\u00ba aniversario de la victoria del Pueblo Chino contra la Agresi\u00f3n Japonesa y la aniquilaci\u00f3n del fascismo."},"content":{"rendered":"\n<h6 class=\"wp-block-heading\">M\u00e1s de 20 l\u00edderes mundiales asisten al evento conmemorativo, que tiene lugar en la plaza Tiananm\u00e9n de Pek\u00edn. Entre ellos est\u00e1n los presidentes de Rusia, Vlad\u00edmir Putin; de Serbia, Aleksandar Vucic; de Ir\u00e1n, Masoud Pezeshkian; de Cuba, Miguel D\u00edaz-Canel; el primer ministro de Eslovaquia, Robert Fico; y el l\u00edder de la Rep\u00fablica Popular Democr\u00e1tica de Corea (RPDC), Kim Jong-un.<\/h6>\n\n\n<div class=\"wp-block-image\">\n<figure class=\"aligncenter size-full is-resized\"><img loading=\"lazy\" decoding=\"async\" width=\"500\" height=\"278\" src=\"https:\/\/agendadelsur.com\/wp-content\/uploads\/2025\/09\/4.png\" alt=\"\" class=\"wp-image-59548\" style=\"width:580px;height:auto\" srcset=\"https:\/\/agendadelsur.com\/wp-content\/uploads\/2025\/09\/4.png 500w, https:\/\/agendadelsur.com\/wp-content\/uploads\/2025\/09\/4-300x167.png 300w\" sizes=\"(max-width: 500px) 100vw, 500px\" \/><figcaption class=\"wp-element-caption\"><em>Foto: Gettyimages.ru<\/em><\/figcaption><\/figure><\/div>\n\n\n<p>Durante su discurso de apertura del desfile, el presidente chino, Xi Jinping, expreso su &#8220;m\u00e1s profundo respeto a los veteranos, compa\u00f1eros de armas, patriotas y generales que participaron en la guerra de resistencia contra los invasores japoneses&#8221;.<\/p>\n\n\n\n<p>Al mismo tiempo, declar\u00f3 que la humanidad vuelve a enfrentare a la elecci\u00f3n entre la paz o la guerra, el di\u00e1logo o la confrontaci\u00f3n, los resultados beneficiosos para todos o los juegos de suma cero. &#8220;El pueblo chino se mantendr\u00e1 firme en el lado correcto de la historia y en el lado del progreso humano, se adherir\u00e1 al camino del desarrollo pac\u00edfico y se unir\u00e1 al resto del mundo para construir una comunidad con un futuro compartido para la humanidad&#8221;, afirm\u00f3.<\/p>\n\n\n<div class=\"wp-block-image\">\n<figure class=\"aligncenter size-full is-resized\"><img loading=\"lazy\" decoding=\"async\" width=\"500\" height=\"333\" src=\"https:\/\/agendadelsur.com\/wp-content\/uploads\/2025\/09\/3-1.jpg\" alt=\"\" class=\"wp-image-59549\" style=\"width:600px;height:auto\" srcset=\"https:\/\/agendadelsur.com\/wp-content\/uploads\/2025\/09\/3-1.jpg 500w, https:\/\/agendadelsur.com\/wp-content\/uploads\/2025\/09\/3-1-300x200.jpg 300w\" sizes=\"(max-width: 500px) 100vw, 500px\" \/><figcaption class=\"wp-element-caption\"><em>Foto: Gettyimages.ru<\/em><\/figcaption><\/figure><\/div>\n\n\n<p>En este contexto, destac\u00f3 que &#8220;la humanidad tiene un destino com\u00fan&#8221;, subrayando que solo la igualdad entre pa\u00edses y pueblos, y la convivencia en armon\u00eda, permitir\u00e1n garantizar la seguridad com\u00fan, eliminar las causas fundamentales de las guerras y evitar que se repitan las tragedias hist\u00f3ricas.<\/p>\n\n\n\n<p>Gran precio de la victoria<\/p>\n\n\n\n<p>China se convirti\u00f3 en un contribuyente vital en la victoria de los Aliados en la Segunda Guerra Mundial: su campo de batalla inmoviliz\u00f3 gran parte de la capacidad militar de Jap\u00f3n, lo que impidi\u00f3 que Tokio invadiera la URSS, la India o Australia.<\/p>\n\n\n<div class=\"wp-block-image\">\n<figure class=\"aligncenter size-full\"><img loading=\"lazy\" decoding=\"async\" width=\"500\" height=\"333\" src=\"https:\/\/agendadelsur.com\/wp-content\/uploads\/2025\/09\/2-Gettyimages.ru_-1.jpg\" alt=\"\" class=\"wp-image-59551\" srcset=\"https:\/\/agendadelsur.com\/wp-content\/uploads\/2025\/09\/2-Gettyimages.ru_-1.jpg 500w, https:\/\/agendadelsur.com\/wp-content\/uploads\/2025\/09\/2-Gettyimages.ru_-1-300x200.jpg 300w\" sizes=\"(max-width: 500px) 100vw, 500px\" \/><figcaption class=\"wp-element-caption\">Foto: G<em>ettyimages.ru<\/em><\/figcaption><\/figure><\/div>\n\n\n<p>Se estima que entre 1931 (cuando Jap\u00f3n invadi\u00f3 Manchuria y cre\u00f3 ah\u00ed el Estado t\u00edtere de Manchukuo, lo que marc\u00f3 el comienzo del conflicto armado) y 1945, el gigante asi\u00e1tico destruy\u00f3 m\u00e1s de dos tercios de las fuerzas terrestres japonesas. Pero el precio fue astron\u00f3mico: m\u00e1s de 35 millones de chinos muertos, superando los 27 millones de la Uni\u00f3n Sovi\u00e9tica y eclipsando las p\u00e9rdidas estadounidenses, que rondaron los 500.000.<\/p>\n\n\n\n<p>Fuente: <a href=\"https:\/\/actualidad.rt.com\/\">https:\/\/actualidad.rt.com\/<\/a> Foto Portada AP \/actualidad.rt.com\/<\/p>\n","protected":false},"excerpt":{"rendered":"<p>M\u00e1s de 20 l\u00edderes mundiales asisten al evento conmemorativo, que tiene lugar en la plaza Tiananm\u00e9n de Pek\u00edn. Entre ellos est\u00e1n los presidentes de Rusia, Vlad\u00edmir Putin; de Serbia, Aleksandar Vucic; de Ir\u00e1n, Masoud Pezeshkian; de Cuba, Miguel D\u00edaz-Canel; el primer ministro de Eslovaquia, Robert Fico; y el l\u00edder de la Rep\u00fablica Popular Democr\u00e1tica de [&hellip;]<\/p>\n","protected":false},"author":2,"featured_media":59547,"comment_status":"closed","ping_status":"open","sticky":false,"template":"","format":"standard","meta":{"footnotes":""},"categories":[576],"tags":[16714,16715],"_links":{"self":[{"href":"https:\/\/agendadelsur.com\/index.php\/wp-json\/wp\/v2\/posts\/59546"}],"collection":[{"href":"https:\/\/agendadelsur.com\/index.php\/wp-json\/wp\/v2\/posts"}],"about":[{"href":"https:\/\/agendadelsur.com\/index.php\/wp-json\/wp\/v2\/types\/post"}],"author":[{"embeddable":true,"href":"https:\/\/agendadelsur.com\/index.php\/wp-json\/wp\/v2\/users\/2"}],"replies":[{"embeddable":true,"href":"https:\/\/agendadelsur.com\/index.php\/wp-json\/wp\/v2\/comments?post=59546"}],"version-history":[{"count":1,"href":"https:\/\/agendadelsur.com\/index.php\/wp-json\/wp\/v2\/posts\/59546\/revisions"}],"predecessor-version":[{"id":59552,"href":"https:\/\/agendadelsur.com\/index.php\/wp-json\/wp\/v2\/posts\/59546\/revisions\/59552"}],"wp:featuredmedia":[{"embeddable":true,"href":"https:\/\/agendadelsur.com\/index.php\/wp-json\/wp\/v2\/media\/59547"}],"wp:attachment":[{"href":"https:\/\/agendadelsur.com\/index.php\/wp-json\/wp\/v2\/media?parent=59546"}],"wp:term":[{"taxonomy":"category","embeddable":true,"href":"https:\/\/agendadelsur.com\/index.php\/wp-json\/wp\/v2\/categories?post=59546"},{"taxonomy":"post_tag","embeddable":true,"href":"https:\/\/agendadelsur.com\/index.php\/wp-json\/wp\/v2\/tags?post=59546"}],"curies":[{"name":"wp","href":"https:\/\/api.w.org\/{rel}","templated":true}]}}