{"id":59562,"date":"2025-09-04T00:28:28","date_gmt":"2025-09-04T03:28:28","guid":{"rendered":"https:\/\/agendadelsur.com\/?p=59562"},"modified":"2025-09-04T00:28:29","modified_gmt":"2025-09-04T03:28:29","slug":"milei-y-un-acto-semivacio-entre-escandalos-de-corrupcion-y-mas-gendarmes-que-simpatizantes","status":"publish","type":"post","link":"https:\/\/agendadelsur.com\/index.php\/2025\/09\/04\/milei-y-un-acto-semivacio-entre-escandalos-de-corrupcion-y-mas-gendarmes-que-simpatizantes\/","title":{"rendered":"Milei y un acto semivac\u00edo. Entre esc\u00e1ndalos de corrupci\u00f3n y m\u00e1s gendarmes que simpatizantes."},"content":{"rendered":"\n<h6 class=\"wp-block-heading\">Las im\u00e1genes del cierre de La Libertad Avanza en Moreno mostraron una postal del momento pol\u00edtico del gobierno libertario: muy pocos asistentes, un barrio popular militarizado y un megaoperativo de seguridad. El presidente aprovech\u00f3 para victimizarse y se lo vio preocupado por el ausentismo. El cierre expone la crisis que atraviesa Milei, sacudido por esc\u00e1ndalos de corrupci\u00f3n y un repudio popular que viene creciendo.<\/h6>\n\n\n\n<figure class=\"wp-block-embed is-type-rich is-provider-twitter wp-block-embed-twitter\"><div class=\"wp-block-embed__wrapper\">\n<blockquote class=\"twitter-tweet\" data-width=\"550\" data-dnt=\"true\"><p lang=\"es\" dir=\"ltr\">&quot;Encapuchados&quot;<br><br>Por la extra\u00f1a &quot;custodia&quot; de 300 civiles con capuchas negras que llev\u00f3 el gobierno para el acto de Milei en Moreno.<a href=\"https:\/\/t.co\/ZfhNbUBcs9\">pic.twitter.com\/ZfhNbUBcs9<\/a><\/p>&mdash; Es Tendencia AR (@EsTendenciaAR) <a href=\"https:\/\/twitter.com\/EsTendenciaAR\/status\/1963337234234400998?ref_src=twsrc%5Etfw\">September 3, 2025<\/a><\/blockquote><script async src=\"https:\/\/platform.twitter.com\/widgets.js\" charset=\"utf-8\"><\/script>\n<\/div><\/figure>\n\n\n\n<p>Por Juan Manuel Astiazar\u00e1n \/ @juanmastiazaran<\/p>\n\n\n\n<p>Desde temprano, el club Villa \u00c1ngela de Moreno fue rodeado por vallas, camiones de asalto, Gendarmer\u00eda, Polic\u00eda Federal, Prefectura Naval, patrulleros, francotiradores y helic\u00f3pteros sobrevolando la zona. Un despliegue nunca visto para un acto de cierre de campa\u00f1a en el que se calculan hubo m\u00e1s de 200 efectivos por fuerza, adem\u00e1s de otros tantos de la Polic\u00eda Bonaerense. Un despliegue decidido a evitar nuevas manifestaciones de repudio como las de la semana pasada en Lomas de Zamora y en la provincia de Corrientes, pero tambi\u00e9n que fue aprovechado por el Gobierno para victimizarse en medio del p\u00e9simo momento que atraviesa y acorralado por distintas denuncias de corrupci\u00f3n.<\/p>\n\n\n\n<p>El operativo, montado por Casa Militar y dirigido por Patricia Bullrich, estuvo acompa\u00f1ado por un clima de tensi\u00f3n: la presencia de grupos organizados de encapuchados que, con el aval de la organizaci\u00f3n del acto oficialista, se paseaban frente a las c\u00e1maras de manera intimidante, algunos empujones y golpes entre militantes libertarios y vecinos que se manifestaban en rechazo a la presencia del presidente y un periodista de Am\u00e9rica TV que result\u00f3 herido en la cabeza por un botellazo.<\/p>\n\n\n\n<p>El cierre hab\u00eda estado precedido por el cruce entre el Gobierno y el Ministerio de Seguridad de la Provincia de Buenos Aires, que hab\u00eda advertido que la zona no ten\u00eda condiciones de seguridad para realizar el acto.<\/p>\n\n\n\n<p>Un predio semivac\u00edo y el Gobierno en su peor momento<\/p>\n\n\n<div class=\"wp-block-image\">\n<figure class=\"aligncenter size-full\"><img loading=\"lazy\" decoding=\"async\" width=\"700\" height=\"480\" src=\"https:\/\/agendadelsur.com\/wp-content\/uploads\/2025\/09\/dron-5-bd428.jpg\" alt=\"\" class=\"wp-image-59564\" srcset=\"https:\/\/agendadelsur.com\/wp-content\/uploads\/2025\/09\/dron-5-bd428.jpg 700w, https:\/\/agendadelsur.com\/wp-content\/uploads\/2025\/09\/dron-5-bd428-300x206.jpg 300w\" sizes=\"(max-width: 700px) 100vw, 700px\" \/><\/figure><\/div>\n\n\n<p>Las im\u00e1genes del lugar, a pocos minutos de que empezara el discurso del presidente, mostraban un predio con muy pocos asistentes. Es que el repudio popular que viene creciendo contra el gobierno no s\u00f3lo se expresa en los escraches, sino en el poco entusiasmo que existe en la propia base del oficialismo.<\/p>\n\n\n\n<p>En las \u00faltimas semanas el desprestigio no solo va en aumento por su pol\u00edtica de ajuste y por el descontrol frente a la crisis econ\u00f3mica, sino por los casos de corrupci\u00f3n que golpean el coraz\u00f3n del poder y que involucran a Mart\u00edn Menem y a Karina Milei, su hermana y mano derecha. La denuncia de coimas con fondos destinados a personas con discapacidad y los sobreprecios en el PAMI son parte de una trama donde el &#8220;discurso anticasta&#8221; qued\u00f3 sepultado bajo la realidad de los negociados multimillonarios.<\/p>\n\n\n\n<p>A su vez, los aprietes del Gobierno contra periodistas como Jorge Rial y Mauro Federico por investigar el desv\u00edo de fondos y por difundir los audios de Spagnuolo y de Karina Milei revelan la desesperaci\u00f3n de un oficialismo que habla de &#8220;libertad&#8221; pero ejerce censura previa y busca por todos los medios blindarse del esc\u00e1ndalo de las coimas.<\/p>\n\n\n\n<p>En este contexto, la derrota electoral en Corrientes y el clima de recesi\u00f3n, desempleo y ajuste profundizan el repudio popular que se expres\u00f3 durante las \u00faltimas semanas. El cierre en Moreno no fue la excepci\u00f3n: entre bombos, banderas, c\u00e1nticos y el ruido de helic\u00f3pteros, se escucharon reclamos por la falta de trabajo y bronca por la militarizaci\u00f3n del barrio.<\/p>\n\n\n\n<p>Del &#8220;empate t\u00e9cnico&#8221; a la preocupaci\u00f3n por el ausentismo<\/p>\n\n\n\n<p>Los organizadores quisieron hacer una entrada &#8220;\u00e9pica&#8221; de Milei: cantando y avanzando entre la gente, mientras sonaba Panic Show de fondo hasta llegar al escenario. &#8220;Milei entra entre la multitud&#8221; se\u00f1al\u00f3 sin sonrojarse Cristina P\u00e9rez, conductora de LN+ y pareja del ministro Luis Petri, cuando los drones que sobrevolaban la cancha de f\u00fatbol mostraban una escasa concurrencia, bastante lejos de ser definida como multitudinaria.<\/p>\n\n\n\n<p>En medio del entusiasmo sobreactuado que buscaron mostrar, el presidente se encarg\u00f3 de anunciar un escenario de \u201cempate t\u00e9cnico\u201d para este domingo: &#8220;Hoy todas las encuestas coinciden en que estamos en una situaci\u00f3n de empate t\u00e9cnico, esto quiere decir que puede ganar cualquiera y significa que votos ac\u00e1 y all\u00e1 definir\u00e1n qu\u00e9 fuerza triunfar\u00e1 y tambi\u00e9n que cada voto individual vale, m\u00e1s que una elecci\u00f3n normal&#8221;.<\/p>\n\n\n\n<p>Pero la euforia de esa predicci\u00f3n no se condijo con los reiterados llamados a que la gente vaya a votar como sea, dando cuenta de la gran preocupaci\u00f3n que existe por el ausentismo que se viene expresando en la mayor\u00eda de las elecciones provinciales que se desarrollaron durante el a\u00f1o y que se anticipa tambi\u00e9n ocurrir\u00e1 en PBA. &#8220;Si no vas a votar, ellos ganan. Traten de conseguir un auto, un remis o algo para ir a votar. Si no nos defendemos, se van a llevar puesta la provincia. Por cada bonaerense honesto que no va a votar, va a ir un militante, un \u00f1oqui o hasta van a votar los presos&#8221;, asegur\u00f3.<\/p>\n\n\n\n<p>El mensaje, con tono desesperado, pinta el clima en el que se dar\u00e1n las elecciones: con un alto porcentaje de su base electoral que confi\u00f3 en Milei en 2023 y que llega a la mitad de su mandato con frustraci\u00f3n y decepci\u00f3n por ver que no s\u00f3lo el ajuste no lo pag\u00f3 &#8220;la casta&#8221;, sino que es un gobierno manchado y muy cuestionado por mantener las pr\u00e1cticas de corrupci\u00f3n y negociados para sus amigos y sus funcionarios.<\/p>\n\n\n\n<p>&#8220;Operan con las peores calumnias para desmoralizar a la gente de bien, reparten boletas truchas para que la gente se equivoque con su voto y el d\u00eda de la elecci\u00f3n van a redoblar las pr\u00e1cticas mafiosas que los caracterizan hace d\u00e9cadas&#8221; insisti\u00f3 el presidente y protest\u00f3: &#8220;Se metieron con mi hermana&#8221;.<\/p>\n\n\n\n<p>En su arenga exagerada, Milei insisti\u00f3 con &#8220;que el domingo se va a pintar la provincia de violeta&#8221;. Pero de fondo empieza a surgir cada vez con m\u00e1s fuerza un interrogante: \u00bfcu\u00e1l es la fortaleza del Gobierno para seguir con su plan si obtiene un mal resultado en la elecci\u00f3n clave de la Provincia de Buenos Aires?<\/p>\n\n\n\n<p>Fuente: La Izquierda Diario<\/p>\n","protected":false},"excerpt":{"rendered":"<p>Las im\u00e1genes del cierre de La Libertad Avanza en Moreno mostraron una postal del momento pol\u00edtico del gobierno libertario: muy pocos asistentes, un barrio popular militarizado y un megaoperativo de seguridad. El presidente aprovech\u00f3 para victimizarse y se lo vio preocupado por el ausentismo. El cierre expone la crisis que atraviesa Milei, sacudido por esc\u00e1ndalos [&hellip;]<\/p>\n","protected":false},"author":2,"featured_media":59563,"comment_status":"closed","ping_status":"open","sticky":false,"template":"","format":"standard","meta":{"footnotes":""},"categories":[11932],"tags":[16718],"_links":{"self":[{"href":"https:\/\/agendadelsur.com\/index.php\/wp-json\/wp\/v2\/posts\/59562"}],"collection":[{"href":"https:\/\/agendadelsur.com\/index.php\/wp-json\/wp\/v2\/posts"}],"about":[{"href":"https:\/\/agendadelsur.com\/index.php\/wp-json\/wp\/v2\/types\/post"}],"author":[{"embeddable":true,"href":"https:\/\/agendadelsur.com\/index.php\/wp-json\/wp\/v2\/users\/2"}],"replies":[{"embeddable":true,"href":"https:\/\/agendadelsur.com\/index.php\/wp-json\/wp\/v2\/comments?post=59562"}],"version-history":[{"count":1,"href":"https:\/\/agendadelsur.com\/index.php\/wp-json\/wp\/v2\/posts\/59562\/revisions"}],"predecessor-version":[{"id":59565,"href":"https:\/\/agendadelsur.com\/index.php\/wp-json\/wp\/v2\/posts\/59562\/revisions\/59565"}],"wp:featuredmedia":[{"embeddable":true,"href":"https:\/\/agendadelsur.com\/index.php\/wp-json\/wp\/v2\/media\/59563"}],"wp:attachment":[{"href":"https:\/\/agendadelsur.com\/index.php\/wp-json\/wp\/v2\/media?parent=59562"}],"wp:term":[{"taxonomy":"category","embeddable":true,"href":"https:\/\/agendadelsur.com\/index.php\/wp-json\/wp\/v2\/categories?post=59562"},{"taxonomy":"post_tag","embeddable":true,"href":"https:\/\/agendadelsur.com\/index.php\/wp-json\/wp\/v2\/tags?post=59562"}],"curies":[{"name":"wp","href":"https:\/\/api.w.org\/{rel}","templated":true}]}}