{"id":59896,"date":"2025-09-22T20:18:10","date_gmt":"2025-09-22T23:18:10","guid":{"rendered":"https:\/\/agendadelsur.com\/?p=59896"},"modified":"2025-09-22T20:18:11","modified_gmt":"2025-09-22T23:18:11","slug":"el-parque-municipal-la-estacion-cumple-seis-anos","status":"publish","type":"post","link":"https:\/\/agendadelsur.com\/index.php\/2025\/09\/22\/el-parque-municipal-la-estacion-cumple-seis-anos\/","title":{"rendered":"El Parque Municipal La Estaci\u00f3n cumple seis a\u00f1os"},"content":{"rendered":"\n<h6 class=\"wp-block-heading\">El Parque Multiprop\u00f3sito La Estaci\u00f3n -ubicado en la Av. G\u00fcemes, frente al Palacio Municipal- era un terrenos en desuso y semi abandonado, que la gesti\u00f3n del Intendente Ferraresi en transform\u00f3 en un lugar de encuentro, juegos, cultura, deporte y disfrute para todas las familias de Avellaneda.<\/h6>\n\n\n<div class=\"wp-block-image\">\n<figure class=\"aligncenter size-full is-resized\"><img loading=\"lazy\" decoding=\"async\" width=\"540\" height=\"405\" src=\"https:\/\/agendadelsur.com\/wp-content\/uploads\/2025\/09\/foto-el-predio-1.jpg\" alt=\"\" class=\"wp-image-59898\" style=\"width:537px;height:auto\" srcset=\"https:\/\/agendadelsur.com\/wp-content\/uploads\/2025\/09\/foto-el-predio-1.jpg 540w, https:\/\/agendadelsur.com\/wp-content\/uploads\/2025\/09\/foto-el-predio-1-300x225.jpg 300w\" sizes=\"(max-width: 540px) 100vw, 540px\" \/><figcaption class=\"wp-element-caption\">Antes y despu\u00e9s. De aband<em>ono la recuperaci\u00f3n.<\/em><\/figcaption><\/figure><\/div>\n\n\n<p>En el Espaci\u00f3 tambi\u00e9n se brindan recitales y ferias que tienen un gran poder de convocatoria los fines de semana.<\/p>\n\n\n\n<figure class=\"wp-block-gallery has-nested-images columns-default is-cropped wp-block-gallery-1 is-layout-flex wp-block-gallery-is-layout-flex\">\n<figure class=\"wp-block-image size-full\"><img loading=\"lazy\" decoding=\"async\" width=\"1280\" height=\"851\" data-id=\"59902\" src=\"https:\/\/agendadelsur.com\/wp-content\/uploads\/2025\/09\/lanochedelasvacunas3.jpeg\" alt=\"\" class=\"wp-image-59902\" srcset=\"https:\/\/agendadelsur.com\/wp-content\/uploads\/2025\/09\/lanochedelasvacunas3.jpeg 1280w, https:\/\/agendadelsur.com\/wp-content\/uploads\/2025\/09\/lanochedelasvacunas3-300x199.jpeg 300w, https:\/\/agendadelsur.com\/wp-content\/uploads\/2025\/09\/lanochedelasvacunas3-1024x681.jpeg 1024w, https:\/\/agendadelsur.com\/wp-content\/uploads\/2025\/09\/lanochedelasvacunas3-768x511.jpeg 768w\" sizes=\"(max-width: 1280px) 100vw, 1280px\" \/><\/figure>\n\n\n\n<figure class=\"wp-block-image size-large\"><img loading=\"lazy\" decoding=\"async\" width=\"680\" height=\"480\" data-id=\"59900\" src=\"https:\/\/agendadelsur.com\/wp-content\/uploads\/2025\/09\/3-10.jpg\" alt=\"\" class=\"wp-image-59900\" srcset=\"https:\/\/agendadelsur.com\/wp-content\/uploads\/2025\/09\/3-10.jpg 680w, https:\/\/agendadelsur.com\/wp-content\/uploads\/2025\/09\/3-10-300x212.jpg 300w\" sizes=\"(max-width: 680px) 100vw, 680px\" \/><\/figure>\n<\/figure>\n\n\n\n<p>&#8220;El Parque La Estaci\u00f3n es s\u00edmbolo de lo que logramos cuando el Estado invierte para que una ciudad crezca y la comunidad tenga espacios p\u00fablicos de calidad&#8221;, sintetiz\u00f3 sobre el lugar el Intrendente Ferraresi.<\/p>\n\n\n<div class=\"wp-block-image\">\n<figure class=\"aligncenter size-full is-resized\"><img loading=\"lazy\" decoding=\"async\" width=\"300\" height=\"300\" src=\"https:\/\/agendadelsur.com\/wp-content\/uploads\/2025\/09\/agenda-del-sur-2.png\" alt=\"\" class=\"wp-image-59891\" style=\"width:476px;height:auto\" srcset=\"https:\/\/agendadelsur.com\/wp-content\/uploads\/2025\/09\/agenda-del-sur-2.png 300w, https:\/\/agendadelsur.com\/wp-content\/uploads\/2025\/09\/agenda-del-sur-2-150x150.png 150w\" sizes=\"(max-width: 300px) 100vw, 300px\" \/><\/figure><\/div>","protected":false},"excerpt":{"rendered":"<p>El Parque Multiprop\u00f3sito La Estaci\u00f3n -ubicado en la Av. G\u00fcemes, frente al Palacio Municipal- era un terrenos en desuso y semi abandonado, que la gesti\u00f3n del Intendente Ferraresi en transform\u00f3 en un lugar de encuentro, juegos, cultura, deporte y disfrute para todas las familias de Avellaneda. En el Espaci\u00f3 tambi\u00e9n se brindan recitales y ferias [&hellip;]<\/p>\n","protected":false},"author":2,"featured_media":59897,"comment_status":"closed","ping_status":"open","sticky":false,"template":"","format":"standard","meta":{"footnotes":""},"categories":[4],"tags":[16799,16798],"_links":{"self":[{"href":"https:\/\/agendadelsur.com\/index.php\/wp-json\/wp\/v2\/posts\/59896"}],"collection":[{"href":"https:\/\/agendadelsur.com\/index.php\/wp-json\/wp\/v2\/posts"}],"about":[{"href":"https:\/\/agendadelsur.com\/index.php\/wp-json\/wp\/v2\/types\/post"}],"author":[{"embeddable":true,"href":"https:\/\/agendadelsur.com\/index.php\/wp-json\/wp\/v2\/users\/2"}],"replies":[{"embeddable":true,"href":"https:\/\/agendadelsur.com\/index.php\/wp-json\/wp\/v2\/comments?post=59896"}],"version-history":[{"count":1,"href":"https:\/\/agendadelsur.com\/index.php\/wp-json\/wp\/v2\/posts\/59896\/revisions"}],"predecessor-version":[{"id":59903,"href":"https:\/\/agendadelsur.com\/index.php\/wp-json\/wp\/v2\/posts\/59896\/revisions\/59903"}],"wp:featuredmedia":[{"embeddable":true,"href":"https:\/\/agendadelsur.com\/index.php\/wp-json\/wp\/v2\/media\/59897"}],"wp:attachment":[{"href":"https:\/\/agendadelsur.com\/index.php\/wp-json\/wp\/v2\/media?parent=59896"}],"wp:term":[{"taxonomy":"category","embeddable":true,"href":"https:\/\/agendadelsur.com\/index.php\/wp-json\/wp\/v2\/categories?post=59896"},{"taxonomy":"post_tag","embeddable":true,"href":"https:\/\/agendadelsur.com\/index.php\/wp-json\/wp\/v2\/tags?post=59896"}],"curies":[{"name":"wp","href":"https:\/\/api.w.org\/{rel}","templated":true}]}}