{"id":60101,"date":"2025-10-04T19:02:20","date_gmt":"2025-10-04T22:02:20","guid":{"rendered":"https:\/\/agendadelsur.com\/?p=60101"},"modified":"2025-10-04T19:02:21","modified_gmt":"2025-10-04T22:02:21","slug":"milei-tuvo-que-suspender-una-caminata-en-santa-fe-por-el-fuerte-repudio-de-vecinos","status":"publish","type":"post","link":"https:\/\/agendadelsur.com\/index.php\/2025\/10\/04\/milei-tuvo-que-suspender-una-caminata-en-santa-fe-por-el-fuerte-repudio-de-vecinos\/","title":{"rendered":"Milei tuvo que suspender una caminata en Santa Fe por el fuerte repudio de vecinos"},"content":{"rendered":"\n<h6 class=\"wp-block-heading\">El escenario de tensi\u00f3n se dio en la peatonal del centro de la ciudad, donde estaba prevista la &nbsp;caminata de Milei, que fue suspendida. La imposibilidad del Presidente para moverse en el territorio y cosechar apoyo en actos proselitistas se repite desde que tuvo que ser evacuado junto a su comitiva en Lomas de Zamora, antes del catastr\u00f3fico saldo electoral bonaerense del 7 de septiembre. En aquella ocasi\u00f3n, Milei se retir\u00f3 en camioneta y Jos\u00e9 Luis Espert lo hizo a bordo de una moto y sin casco, que luego se supo pertenec\u00eda a un barra acusado de intento de asesinato.<\/h6>\n\n\n\n<figure class=\"wp-block-embed is-type-video is-provider-youtube wp-block-embed-youtube wp-embed-aspect-9-16 wp-has-aspect-ratio\"><div class=\"wp-block-embed__wrapper\">\n<iframe loading=\"lazy\" title=\"\ud83d\udea8 Javier Milei tuvo que suspender su acto en Santa Fe por violencia y disturbios en la zona.\" width=\"540\" height=\"960\" src=\"https:\/\/www.youtube.com\/embed\/ycv_Ok2yJp4?feature=oembed\" frameborder=\"0\" allow=\"accelerometer; autoplay; clipboard-write; encrypted-media; gyroscope; picture-in-picture; web-share\" referrerpolicy=\"strict-origin-when-cross-origin\" allowfullscreen><\/iframe>\n<\/div><\/figure>\n\n\n\n<p>La semana pasada tuvo otro desembarco fallido en Tierra del Fuego. Su recorrida se limit\u00f3 a trasladarse del aeropuerto hasta la empresa Newsan y, desde all\u00ed, al hotel. No pudo caminar hasta el centro de la ciudad por protestas de los obreros y dio un discurso con meg\u00e1fono en la puerta del hotel.<\/p>\n","protected":false},"excerpt":{"rendered":"<p>El escenario de tensi\u00f3n se dio en la peatonal del centro de la ciudad, donde estaba prevista la &nbsp;caminata de Milei, que fue suspendida. La imposibilidad del Presidente para moverse en el territorio y cosechar apoyo en actos proselitistas se repite desde que tuvo que ser evacuado junto a su comitiva en Lomas de Zamora, [&hellip;]<\/p>\n","protected":false},"author":2,"featured_media":60102,"comment_status":"closed","ping_status":"open","sticky":false,"template":"","format":"standard","meta":{"footnotes":""},"categories":[16854,6294],"tags":[16853,16852],"_links":{"self":[{"href":"https:\/\/agendadelsur.com\/index.php\/wp-json\/wp\/v2\/posts\/60101"}],"collection":[{"href":"https:\/\/agendadelsur.com\/index.php\/wp-json\/wp\/v2\/posts"}],"about":[{"href":"https:\/\/agendadelsur.com\/index.php\/wp-json\/wp\/v2\/types\/post"}],"author":[{"embeddable":true,"href":"https:\/\/agendadelsur.com\/index.php\/wp-json\/wp\/v2\/users\/2"}],"replies":[{"embeddable":true,"href":"https:\/\/agendadelsur.com\/index.php\/wp-json\/wp\/v2\/comments?post=60101"}],"version-history":[{"count":1,"href":"https:\/\/agendadelsur.com\/index.php\/wp-json\/wp\/v2\/posts\/60101\/revisions"}],"predecessor-version":[{"id":60103,"href":"https:\/\/agendadelsur.com\/index.php\/wp-json\/wp\/v2\/posts\/60101\/revisions\/60103"}],"wp:featuredmedia":[{"embeddable":true,"href":"https:\/\/agendadelsur.com\/index.php\/wp-json\/wp\/v2\/media\/60102"}],"wp:attachment":[{"href":"https:\/\/agendadelsur.com\/index.php\/wp-json\/wp\/v2\/media?parent=60101"}],"wp:term":[{"taxonomy":"category","embeddable":true,"href":"https:\/\/agendadelsur.com\/index.php\/wp-json\/wp\/v2\/categories?post=60101"},{"taxonomy":"post_tag","embeddable":true,"href":"https:\/\/agendadelsur.com\/index.php\/wp-json\/wp\/v2\/tags?post=60101"}],"curies":[{"name":"wp","href":"https:\/\/api.w.org\/{rel}","templated":true}]}}