{"id":60282,"date":"2025-10-15T00:49:47","date_gmt":"2025-10-15T03:49:47","guid":{"rendered":"https:\/\/agendadelsur.com\/?p=60282"},"modified":"2025-10-15T00:50:06","modified_gmt":"2025-10-15T03:50:06","slug":"el-ajuste-de-milei-llega-al-chaco-y-provoca-una-pueblada-en-villa-rio-bermejito","status":"publish","type":"post","link":"https:\/\/agendadelsur.com\/index.php\/2025\/10\/15\/el-ajuste-de-milei-llega-al-chaco-y-provoca-una-pueblada-en-villa-rio-bermejito\/","title":{"rendered":"El ajuste de Milei llega al Chaco y provoca una pueblada en Villa Rio Bermejito"},"content":{"rendered":"\n<h6 class=\"wp-block-heading\">Una verdadera pueblada vivi\u00f3 este martes Villa Rio Bermejito. La peque\u00f1a localidad que no llega a 10 mil habitantes y de preponderancia ind\u00edgena hizo retroceder a la polic\u00eda que debi\u00f3 refugiarse en la comisaria. El motivo es claro: la ca\u00edda de las pensiones no contributivas, la ca\u00edda de asistencia a familias numerosas y el ajuste en la ayuda alimentaria a familias y comedores. \u00abHay gente discapacitada que le sacaron la pensi\u00f3n\u00bb, el hecho est\u00e1 ligado al esc\u00e1ndalo de corrupci\u00f3n en ANDiS y los recortes en discapacidad. Decenas de heridos entre manifestantes y polic\u00edas. Cinco detenidos que ya fueron liberados. El ajuste de Milei en los confines de la patria.<\/h6>\n\n\n\n<figure class=\"wp-block-embed is-type-rich is-provider-twitter wp-block-embed-twitter\"><div class=\"wp-block-embed__wrapper\">\n<blockquote class=\"twitter-tweet\" data-width=\"550\" data-dnt=\"true\"><p lang=\"es\" dir=\"ltr\"><a href=\"https:\/\/twitter.com\/hashtag\/Chaco?src=hash&amp;ref_src=twsrc%5Etfw\">#Chaco<\/a> Contin\u00faa la pueblada en Villa R\u00edo Bermejito y las fuerzas represivas est\u00e1n siendo superadas <a href=\"https:\/\/t.co\/9SAs143Ww2\">pic.twitter.com\/9SAs143Ww2<\/a><\/p>&mdash; ANRed #30A\u00f1os (@Red__Accion) <a href=\"https:\/\/twitter.com\/Red__Accion\/status\/1978193979419086962?ref_src=twsrc%5Etfw\">October 14, 2025<\/a><\/blockquote><script async src=\"https:\/\/platform.twitter.com\/widgets.js\" charset=\"utf-8\"><\/script>\n<\/div><\/figure>\n\n\n\n<p>Por Federico Hauscarriaga para ANRed.<\/p>\n\n\n\n<p>Esta ma\u00f1ana llegaban las noticias por redes sociales: una protesta en el Impenetrable hab\u00eda terminado en una brutal represi\u00f3n. Im\u00e1genes de ind\u00edgenas heridos se multiplicaban, y cada tanto aparec\u00eda alguna de un polic\u00eda lastimado. Gomeras, piedras y botellazos se ve\u00edan en las transmisiones en vivo de comunicadores populares o radios comunitarias de la zona.<\/p>\n\n\n\n<p>Llegado el mediod\u00eda, los primeros partes indicaban que, lejos de disolver la protesta, la infanter\u00eda se ve\u00eda colapsada y que todas las fuerzas de seguridad disponibles en la provincia se estaban acercando debido a la falta de \u201ccartucher\u00eda\u201d de las unidades que continuaban disparando para evitar una avalancha de las comunidades, que para esas horas ya hab\u00edan sobrepasado en n\u00famero a los infantes.<\/p>\n\n\n\n<p>A los medios hegem\u00f3nicos parece no haberles importado semejante acontecimiento que estaba ocurriendo en \u201clos confines de la patria\u201d. Pasado el mediod\u00eda, las im\u00e1genes segu\u00edan llegando: ancianos, mujeres ind\u00edgenas heridas. En la transmisi\u00f3n en vivo de Sudeste Noticias se ve a una multitud tomando la iniciativa y a la polic\u00eda retrocediendo, hasta que un comisario saca el rev\u00f3lver de su cartuchera. \u201cEst\u00e1n amenazando con armas\u00bb, los disparos que se escuchan son tantos que resulta incomprensible identificar si est\u00e1n percutando armas de fuego entre las salvas antitumulto. Villa R\u00edo Bermejito estaba viviendo una pueblada.<\/p>\n\n\n\n<p>El motivo de semejante acontecimiento a algunos les parecer\u00e1 surrealista. Porque los efectos de la pol\u00edtica del Ejecutivo nacional pegan fuerte en la Ciudad de Buenos Aires, duelen en el conurbano, pero desesperan en las comunidades Quom del Chaco. La ca\u00edda de pensiones no contributivas, la reducci\u00f3n de asignaciones, de ayudas sociales y alimentarias ha dejado al borde de la subsistencia a miles de pobladores que desde hace tres meses reclaman una respuesta. \u201cHay mujeres con siete hijos que perdieron la ayuda, hay un hombre sin una pierna, hay ni\u00f1os discapacitados a los que les han quitado la pensi\u00f3n\u201d, contaba a ANRed un anciano que horas despu\u00e9s recibir\u00eda un balazo de goma en el rostro. Los testimonios hablan de reuniones y cartas enviadas a diputados y jueces durante tres meses pero con un com\u00fan denominador:&nbsp; Ninguna respuesta.<\/p>\n\n\n\n<p>Nadie se sorprendi\u00f3 cuando al volver la movilizaci\u00f3n, que intentaba realizar una asamblea sobre la ruta 3, comenz\u00f3 a recibir provocaciones de la infanter\u00eda, lo que abri\u00f3 las puertas a la batalla campal. \u201cLos j\u00f3venes no se aguantaron, estaba todo muy caldeado\u201d, relat\u00f3 una comunera.<\/p>\n\n\n\n<p>Alejandro un referente de Partido Comunista Revolucionario (PCR) en Chaco en un audio nos coment\u00f3 \u00abel tema son las pensiones no contributivas que el gobierno de Milei y Zdero dieron de baja en esa zona y toda la zona del norte del Chaco. Pero m\u00e1s en esa zona cayeron muchas pensiones no contributivas y, bueno, la gente hizo su reclamo personal, hizo algunos papeles que le ped\u00edan, se estaba armando un amparo colectivo porque son muy arbitrarias las bajas y te cortan y despu\u00e9s te investigan caso por caso, pero para eso te cortaron y te piden una serie de requisitos que algunos cumplen, otros no pueden, y los que cumplen y hacen, pero no se les renueva.<\/p>\n\n\n\n<p>La gente esperaba cobrar, mucha gente no volvi\u00f3 a cobrar, se estaban preparando para tener una entrevista con el juzgado federal por el tema de armar una pensi\u00f3n, un amparo colectivo,&nbsp; pero decidieron ir a la ruta, marcharon por el pueblo. Empezaron un plan de lucha y luego llega la polic\u00eda, hace algunas provocaciones y empieza la represi\u00f3n (\u2026)\u00bb.<\/p>\n\n\n\n<p>Aquel d\u00eda, las primeras luces de la ma\u00f1ana en Villa R\u00edo Bermejito despertaron con cientos de ind\u00edgenas llegando a la rotonda del principal acceso a la peque\u00f1a localidad del Impenetrable. La caminata se inici\u00f3 all\u00ed y pas\u00f3 frente a la municipalidad, luego al peque\u00f1o juzgado y, finalmente, regres\u00f3 al punto de partida: la rotonda ubicada sobre la ruta 3, a pocos kil\u00f3metros del \u00e1rea protegida conocida como El Impenetrable.<\/p>\n\n\n\n<p>Pero en lugar de di\u00e1logo, \u201cel gobierno de Zdero, amigo de Milei, eligi\u00f3 la represi\u00f3n\u201d. Las versiones oficiales hablan de 42 polic\u00edas lesionados \u2014o \u201cm\u00e1s de 40\u201d, seg\u00fan otros informes\u2014, mientras que los heridos entre los manifestantes nunca fueron debidamente contabilizados. Quiz\u00e1s por eso todos los medios establecidos de la provincia hicieron hincapi\u00e9 en los efectivos heridos y no en la cantidad de lesionados de las comunidades, que es casi imposible determinar.<\/p>\n\n\n\n<p>Desde el gobierno provincial emitieron un comunicado oficial en el que se vanagloriaron de haber implementado \u201cinmediatamente\u201d el protocolo antipiquetes \u201cde Bullrich\u201d y aseguraron que el delito de cortar rutas no se permitir\u00eda en la provincia. El comunicado fue titulado destacando supuestas agresiones de \u201cmilitantes kirchneristas\u201d.&nbsp;&nbsp; Y es que el goernador Zdero tiene un fuerte v\u00ednculo con Milei que se&nbsp; consolido tras el triunfo conjunto en las elecciones provinciales de mayo, cuando la alianza libertaria-radical super\u00f3 al peronismo por m\u00e1s de 10 puntos. Desde entonces, la provincia se convirti\u00f3 en uno de los bastiones de apoyo al Gobierno nacional.<\/p>\n\n\n\n<p>Como ya se mencion\u00f3, el balance oficial habla de 42 polic\u00edas heridos, pero los relatos de testigos entre los manifestantes aseguran que hubo decenas de lesionados, aunque no existen registros oficiales. Tampoco est\u00e1n claros los n\u00fameros de detenidos entre las comunidades; hasta el momento se confirmaron cinco personas arrestadas, que fueron liberadas en horas de la tarde-noche.<\/p>\n\n\n\n<p>Desde las comunidades denuncian que no recibieron atenci\u00f3n m\u00e9dica adecuada: muchos fueron atendidos in situ, sin hospitales habilitados para ellas y ellos, y otros tuvieron que depender del auxilio de parientes y vecinos. No hay presencia estatal que garantice su seguridad ni su salud. Muchos comuneros huyeron heridos o evitaron atenderse por temor a represalias.<\/p>\n\n\n\n<p>El esc\u00e1ndalo ocurrido con la agencia de discapacidad que vio involucrado los audios de Spagnuolo, titular del ente, develaron el entramado de corrupci\u00f3n. En donde se cobraba coimas con el presupuesto destinado a pensiones por discapacidad. El ajuste que recay\u00f3 contra discapacitados y personas vulnerables se vivi\u00f3 como otro punto oscuro del gobierno, eclipsado solo por los nuevos esc\u00e1ndalos que tambi\u00e9n involucraron a Espert con el narcotr\u00e1fico.<\/p>\n\n\n\n<p>Lo que est\u00e1 sucediendo en Villa R\u00edo Bermejito recuerda a las explosiones sociales que se vivieron durante el menemismo en la d\u00e9cada de los noventa en donde la crisis que arrastraba el modelo de convertibilidad con desocupaci\u00f3n y pobreza comenz\u00f3 a sentirse m\u00e1s fuerte en las provincias perif\u00e9ricas, as\u00ed los estallidos en Santiago del Estero (Santiague\u00f1azo), en Neuquen (Cutral Co) y Salta (Mosconi-Tartagal)&nbsp; marcaron el camino de una ola de protestas en ascenso.<\/p>\n\n\n\n<p>Fuente: anred.org\/<\/p>\n","protected":false},"excerpt":{"rendered":"<p>Una verdadera pueblada vivi\u00f3 este martes Villa Rio Bermejito. La peque\u00f1a localidad que no llega a 10 mil habitantes y de preponderancia ind\u00edgena hizo retroceder a la polic\u00eda que debi\u00f3 refugiarse en la comisaria. El motivo es claro: la ca\u00edda de las pensiones no contributivas, la ca\u00edda de asistencia a familias numerosas y el ajuste [&hellip;]<\/p>\n","protected":false},"author":2,"featured_media":60283,"comment_status":"closed","ping_status":"open","sticky":false,"template":"","format":"standard","meta":{"footnotes":""},"categories":[2097],"tags":[549,16901,16899,16902],"_links":{"self":[{"href":"https:\/\/agendadelsur.com\/index.php\/wp-json\/wp\/v2\/posts\/60282"}],"collection":[{"href":"https:\/\/agendadelsur.com\/index.php\/wp-json\/wp\/v2\/posts"}],"about":[{"href":"https:\/\/agendadelsur.com\/index.php\/wp-json\/wp\/v2\/types\/post"}],"author":[{"embeddable":true,"href":"https:\/\/agendadelsur.com\/index.php\/wp-json\/wp\/v2\/users\/2"}],"replies":[{"embeddable":true,"href":"https:\/\/agendadelsur.com\/index.php\/wp-json\/wp\/v2\/comments?post=60282"}],"version-history":[{"count":1,"href":"https:\/\/agendadelsur.com\/index.php\/wp-json\/wp\/v2\/posts\/60282\/revisions"}],"predecessor-version":[{"id":60284,"href":"https:\/\/agendadelsur.com\/index.php\/wp-json\/wp\/v2\/posts\/60282\/revisions\/60284"}],"wp:featuredmedia":[{"embeddable":true,"href":"https:\/\/agendadelsur.com\/index.php\/wp-json\/wp\/v2\/media\/60283"}],"wp:attachment":[{"href":"https:\/\/agendadelsur.com\/index.php\/wp-json\/wp\/v2\/media?parent=60282"}],"wp:term":[{"taxonomy":"category","embeddable":true,"href":"https:\/\/agendadelsur.com\/index.php\/wp-json\/wp\/v2\/categories?post=60282"},{"taxonomy":"post_tag","embeddable":true,"href":"https:\/\/agendadelsur.com\/index.php\/wp-json\/wp\/v2\/tags?post=60282"}],"curies":[{"name":"wp","href":"https:\/\/api.w.org\/{rel}","templated":true}]}}