{"id":60442,"date":"2025-10-22T19:26:27","date_gmt":"2025-10-22T22:26:27","guid":{"rendered":"https:\/\/agendadelsur.com\/?p=60442"},"modified":"2025-10-22T19:26:28","modified_gmt":"2025-10-22T22:26:28","slug":"criminalizacion-de-thiago-florentin-excursion-de-pesca-probatoria","status":"publish","type":"post","link":"https:\/\/agendadelsur.com\/index.php\/2025\/10\/22\/criminalizacion-de-thiago-florentin-excursion-de-pesca-probatoria\/","title":{"rendered":"Criminalizaci\u00f3n de Thiago Florent\u00edn: excursi\u00f3n de pesca probatoria"},"content":{"rendered":"\n<h6 class=\"wp-block-heading\">El joven de 22 a\u00f1os fue procesado por participar en una manifestaci\u00f3n durante un acto de campa\u00f1a de La Libertad Avanza en Lomas de Zamora. Sin pruebas ni testigos que lo involucren, la causa avanza solo con el testimonio de un polic\u00eda. Fuimos aceptados como amicus curiae ante la C\u00e1mara Federal de Apelaciones de La Plata, que deber\u00e1 revisar este procesamiento.<\/h6>\n\n\n<div class=\"wp-block-image\">\n<figure class=\"aligncenter size-full is-resized\"><img loading=\"lazy\" decoding=\"async\" width=\"680\" height=\"480\" src=\"https:\/\/agendadelsur.com\/wp-content\/uploads\/2025\/10\/lomas-zamora-becerra.jpg\" alt=\"\" class=\"wp-image-60443\" style=\"width:502px;height:auto\" srcset=\"https:\/\/agendadelsur.com\/wp-content\/uploads\/2025\/10\/lomas-zamora-becerra.jpg 680w, https:\/\/agendadelsur.com\/wp-content\/uploads\/2025\/10\/lomas-zamora-becerra-300x212.jpg 300w\" sizes=\"(max-width: 680px) 100vw, 680px\" \/><figcaption class=\"wp-element-caption\"><em>Foto: Antonio Becerra (Tiempo Argentino).<\/em><\/figcaption><\/figure><\/div>\n\n\n<p>Desde el CELS nos presentamos como amicus curiae ante la C\u00e1mara Federal de Apelaciones de La Plata en apoyo a la defensa de Thiago Florent\u00edn, un joven de 22 a\u00f1os procesado por supuestos delitos de atentado contra la autoridad agravado e instigaci\u00f3n a la violencia colectiva durante un acto de campa\u00f1a del partido de gobierno La Libertad Avanza en Lomas de Zamora. El caso refleja el uso del sistema penal para disciplinar la protesta y el disenso pol\u00edtico.<\/p>\n\n\n\n<p>El procesamiento de Florent\u00edn se basa \u00fanicamente en el testimonio de un polic\u00eda, sin respaldo en ninguna otra prueba. No hay registros audiovisuales ni testigos que lo ubiquen cometiendo actos violentos. Aun as\u00ed, el juez decidi\u00f3 imputarlo por delitos graves, en una resoluci\u00f3n arbitraria que vulnera el principio de inocencia y el derecho a un proceso imparcial. La ausencia de elementos suficientes transforma esta causa en una \u201cexcursi\u00f3n de pesca probatoria\u201d, donde primero se acusa y luego se intenta encontrar las pruebas.<\/p>\n\n\n\n<p>Este no es un hecho aislado. La criminalizaci\u00f3n de la protesta social y de las personas que expresan su disenso con las pol\u00edticas del gobierno es una pr\u00e1ctica antidemocr\u00e1tica. Perseguir penalmente a un joven militante social por participar de una manifestaci\u00f3n p\u00fablica env\u00eda un mensaje de advertencia a toda la sociedad: protestar puede tener consecuencias graves. Ese efecto amedrentador busca desalentar la participaci\u00f3n pol\u00edtica y restringir el debate p\u00fablico.<\/p>\n\n\n\n<p>El derecho a la protesta est\u00e1 ampliamente protegido en nuestro pa\u00eds. Expresarse en el espacio p\u00fablico, reunirse y manifestarse son derechos esenciales para la vida democr\u00e1tica. Cuando el Estado utiliza el derecho penal para castigar expresiones pol\u00edticas o sociales, viola de manera directa sus obligaciones internacionales de respeto y garant\u00eda de esos derechos. En este caso, adem\u00e1s, las figuras penales aplicadas son un sinsentido: el supuesto \u201catentado contra la autoridad\u201d se habr\u00eda producido durante un acto de campa\u00f1a y no en el ejercicio de una funci\u00f3n p\u00fablica; y no hay ning\u00fan elemento que permita sostener una \u201cinstigaci\u00f3n a la violencia\u201d.<\/p>\n\n\n\n<p>Las medidas impuestas a Florent\u00edn -el embargo de un mill\u00f3n de pesos, la obligaci\u00f3n de presentarse quincenalmente en la comisar\u00eda y las restricciones para participar en actividades pol\u00edticas- son desproporcionadas y evidencian el car\u00e1cter disciplinador del proceso. En lugar de proteger los derechos de quienes se manifiestan, la justicia penal se organiza para convalidar la actuaci\u00f3n policial, criminalizar y desactivar la protesta.<\/p>\n\n\n\n<p>Por estos hechos de gravedad acercamos argumentos legales a la C\u00e1mara para que revise la resoluci\u00f3n que impugn\u00f3 la defensa y ponga fin a la persecuci\u00f3n penal contra Thiago Florent\u00edn. En un contexto en el que se pretende asociar la movilizaci\u00f3n social con el delito, reafirmamos que protestar es un derecho. La respuesta del Estado debe ser garantizar su ejercicio, no castigar a quienes los ejercen.<\/p>\n\n\n\n<p>Fuente: Centro de Estudios Legales y Sociales (CELS)<\/p>\n\n\n<div class=\"wp-block-image\">\n<figure class=\"aligncenter size-full is-resized\"><img loading=\"lazy\" decoding=\"async\" width=\"300\" height=\"300\" src=\"https:\/\/agendadelsur.com\/wp-content\/uploads\/2025\/10\/agenda-del-sur-1.png\" alt=\"\" class=\"wp-image-60423\" style=\"width:392px;height:auto\" srcset=\"https:\/\/agendadelsur.com\/wp-content\/uploads\/2025\/10\/agenda-del-sur-1.png 300w, https:\/\/agendadelsur.com\/wp-content\/uploads\/2025\/10\/agenda-del-sur-1-150x150.png 150w\" sizes=\"(max-width: 300px) 100vw, 300px\" \/><\/figure><\/div>","protected":false},"excerpt":{"rendered":"<p>El joven de 22 a\u00f1os fue procesado por participar en una manifestaci\u00f3n durante un acto de campa\u00f1a de La Libertad Avanza en Lomas de Zamora. Sin pruebas ni testigos que lo involucren, la causa avanza solo con el testimonio de un polic\u00eda. Fuimos aceptados como amicus curiae ante la C\u00e1mara Federal de Apelaciones de La [&hellip;]<\/p>\n","protected":false},"author":2,"featured_media":60443,"comment_status":"closed","ping_status":"open","sticky":false,"template":"","format":"standard","meta":{"footnotes":""},"categories":[16854],"tags":[16936,16725],"_links":{"self":[{"href":"https:\/\/agendadelsur.com\/index.php\/wp-json\/wp\/v2\/posts\/60442"}],"collection":[{"href":"https:\/\/agendadelsur.com\/index.php\/wp-json\/wp\/v2\/posts"}],"about":[{"href":"https:\/\/agendadelsur.com\/index.php\/wp-json\/wp\/v2\/types\/post"}],"author":[{"embeddable":true,"href":"https:\/\/agendadelsur.com\/index.php\/wp-json\/wp\/v2\/users\/2"}],"replies":[{"embeddable":true,"href":"https:\/\/agendadelsur.com\/index.php\/wp-json\/wp\/v2\/comments?post=60442"}],"version-history":[{"count":1,"href":"https:\/\/agendadelsur.com\/index.php\/wp-json\/wp\/v2\/posts\/60442\/revisions"}],"predecessor-version":[{"id":60444,"href":"https:\/\/agendadelsur.com\/index.php\/wp-json\/wp\/v2\/posts\/60442\/revisions\/60444"}],"wp:featuredmedia":[{"embeddable":true,"href":"https:\/\/agendadelsur.com\/index.php\/wp-json\/wp\/v2\/media\/60443"}],"wp:attachment":[{"href":"https:\/\/agendadelsur.com\/index.php\/wp-json\/wp\/v2\/media?parent=60442"}],"wp:term":[{"taxonomy":"category","embeddable":true,"href":"https:\/\/agendadelsur.com\/index.php\/wp-json\/wp\/v2\/categories?post=60442"},{"taxonomy":"post_tag","embeddable":true,"href":"https:\/\/agendadelsur.com\/index.php\/wp-json\/wp\/v2\/tags?post=60442"}],"curies":[{"name":"wp","href":"https:\/\/api.w.org\/{rel}","templated":true}]}}