{"id":60838,"date":"2025-11-18T21:18:24","date_gmt":"2025-11-19T00:18:24","guid":{"rendered":"https:\/\/agendadelsur.com\/?p=60838"},"modified":"2025-11-18T21:18:25","modified_gmt":"2025-11-19T00:18:25","slug":"fuerte-reclamo-en-penal-de-ezeiza-por-las-condiciones-inhumanas-de-la-detencion-de-julio-de-vido","status":"publish","type":"post","link":"https:\/\/agendadelsur.com\/index.php\/2025\/11\/18\/fuerte-reclamo-en-penal-de-ezeiza-por-las-condiciones-inhumanas-de-la-detencion-de-julio-de-vido\/","title":{"rendered":"Fuerte reclamo en penal de Ezeiza por las condiciones inhumanas de la detenci\u00f3n de Julio De Vido"},"content":{"rendered":"\n<h6 class=\"wp-block-heading\">Dirigentes pol\u00edticos, sindicales, de Derechos Humanos y movimientos sociales se movilizaron a la c\u00e1rcel de Ezeiza para denunciar la grave situaci\u00f3n del ex funcionario. El fin de semana Kicillof encabez\u00f3 un comunicado que denunci\u00f3 la \u201ccondena injusta\u201d.<\/h6>\n\n\n<div class=\"wp-block-image\">\n<figure class=\"aligncenter size-full\"><img loading=\"lazy\" decoding=\"async\" width=\"500\" height=\"332\" src=\"https:\/\/agendadelsur.com\/wp-content\/uploads\/2025\/11\/4-3.jpg\" alt=\"\" class=\"wp-image-60840\" srcset=\"https:\/\/agendadelsur.com\/wp-content\/uploads\/2025\/11\/4-3.jpg 500w, https:\/\/agendadelsur.com\/wp-content\/uploads\/2025\/11\/4-3-300x199.jpg 300w\" sizes=\"(max-width: 500px) 100vw, 500px\" \/><\/figure><\/div>\n\n\n<p>Referentes de derechos humanos, dirigentes sociales, religiosos, pol\u00edticos y parlamentarios se concentraron frente al penal de Ezeiza para visibilizar la grave situaci\u00f3n en la que se encuentra Julio De Vido. Pronto a cumplir los 76 a\u00f1os, el ex funcionario se encuentra detenido en c\u00e1rcel com\u00fan a pesar de su edad y de los serios problemas de salud que atraviesa.<\/p>\n\n\n\n<p>Ocurre mientras m\u00e1s de 500 personas detenidas por cr\u00edmenes de lesa humanidad cumplen su condena con arresto domiciliario. \u201cLa convocatoria se dio en el marco de un contexto de creciente judicializaci\u00f3n de la pol\u00edtica y de una clara persecuci\u00f3n contra dirigentes del peronismo\u201d, remarcaron algunos de los organizadores en un comunicado posterior a la medida de protesta.&nbsp;<\/p>\n\n\n\n<p>La entrada del Hospital del Complejo Penitenciario de Ezeiza fue el punto de encuentro de un nutrido y variado grupo de referentes y militantes.&nbsp; \u201cNo me permitieron ingresarle ni unos saquitos de t\u00e9 porque entr\u00e9 como abogada pero no pude entrar como familiar\u201d, cont\u00f3 ayer Alessandra Minicelli, esposa de Julio De Vido, en di\u00e1logo con la AM530. \u201cEstamos peleando por la domiciliaria. Pero a\u00fan no pidieron los informes socioambientales sobre nuestra casa\u201d, agreg\u00f3 para relatar la grave precariedad en la que se encuentra el ex ministro.<\/p>\n\n\n\n<p>La actividad de este martes frente al penal cont\u00f3 con senadores y diputados nacionales (Juliana Di Tullio, Mariano Recalde, Mar\u00edn Pilatti Vergara y Oscar Parrilli, Carlos Castagneto, Eduardo Vald\u00e9s,&nbsp; Paco Manrique, Lorena Pokoik, Jorge Romero, Luana Volnovich, Hugo Yasky, Paula Penacca, Julia Strada, entre otros); referentes de DDHH como Horacio Pietragalla, Sergio Maldonado; integrantes de HIJOS y de la APDH y de familiares y compa\u00f1eros de los 12 de la Santa Cruz; intendentes como Pablo Zurro; el presidente de Nuevo Encuentro Mart\u00edn Sabbatella; el Padre Paco; los legisladores porte\u00f1os Federico Mochi, Juan Modarelli y Victoria Montenegro; representantes de CTA de los trabajadores y ATE Capital; Lauro Grande, funcionario del Gobierno bonaerense y referentes .<\/p>\n\n\n\n<p>Fuente: tiempoar.com.ar\/<\/p>\n\n\n<div class=\"wp-block-image\">\n<figure class=\"aligncenter size-full is-resized\"><img loading=\"lazy\" decoding=\"async\" width=\"300\" height=\"300\" src=\"https:\/\/agendadelsur.com\/wp-content\/uploads\/2025\/11\/aviso-2024-300300-Agenda-del-sur-web_Mesa-de-trabajo-1.jpg\" alt=\"\" class=\"wp-image-60664\" style=\"width:504px;height:auto\" srcset=\"https:\/\/agendadelsur.com\/wp-content\/uploads\/2025\/11\/aviso-2024-300300-Agenda-del-sur-web_Mesa-de-trabajo-1.jpg 300w, https:\/\/agendadelsur.com\/wp-content\/uploads\/2025\/11\/aviso-2024-300300-Agenda-del-sur-web_Mesa-de-trabajo-1-150x150.jpg 150w\" sizes=\"(max-width: 300px) 100vw, 300px\" \/><\/figure><\/div>","protected":false},"excerpt":{"rendered":"<p>Dirigentes pol\u00edticos, sindicales, de Derechos Humanos y movimientos sociales se movilizaron a la c\u00e1rcel de Ezeiza para denunciar la grave situaci\u00f3n del ex funcionario. El fin de semana Kicillof encabez\u00f3 un comunicado que denunci\u00f3 la \u201ccondena injusta\u201d. Referentes de derechos humanos, dirigentes sociales, religiosos, pol\u00edticos y parlamentarios se concentraron frente al penal de Ezeiza para [&hellip;]<\/p>\n","protected":false},"author":2,"featured_media":60839,"comment_status":"closed","ping_status":"open","sticky":false,"template":"","format":"standard","meta":{"footnotes":""},"categories":[926],"tags":[17052,17051],"_links":{"self":[{"href":"https:\/\/agendadelsur.com\/index.php\/wp-json\/wp\/v2\/posts\/60838"}],"collection":[{"href":"https:\/\/agendadelsur.com\/index.php\/wp-json\/wp\/v2\/posts"}],"about":[{"href":"https:\/\/agendadelsur.com\/index.php\/wp-json\/wp\/v2\/types\/post"}],"author":[{"embeddable":true,"href":"https:\/\/agendadelsur.com\/index.php\/wp-json\/wp\/v2\/users\/2"}],"replies":[{"embeddable":true,"href":"https:\/\/agendadelsur.com\/index.php\/wp-json\/wp\/v2\/comments?post=60838"}],"version-history":[{"count":1,"href":"https:\/\/agendadelsur.com\/index.php\/wp-json\/wp\/v2\/posts\/60838\/revisions"}],"predecessor-version":[{"id":60841,"href":"https:\/\/agendadelsur.com\/index.php\/wp-json\/wp\/v2\/posts\/60838\/revisions\/60841"}],"wp:featuredmedia":[{"embeddable":true,"href":"https:\/\/agendadelsur.com\/index.php\/wp-json\/wp\/v2\/media\/60839"}],"wp:attachment":[{"href":"https:\/\/agendadelsur.com\/index.php\/wp-json\/wp\/v2\/media?parent=60838"}],"wp:term":[{"taxonomy":"category","embeddable":true,"href":"https:\/\/agendadelsur.com\/index.php\/wp-json\/wp\/v2\/categories?post=60838"},{"taxonomy":"post_tag","embeddable":true,"href":"https:\/\/agendadelsur.com\/index.php\/wp-json\/wp\/v2\/tags?post=60838"}],"curies":[{"name":"wp","href":"https:\/\/api.w.org\/{rel}","templated":true}]}}