{"id":61398,"date":"2025-12-24T01:55:02","date_gmt":"2025-12-24T04:55:02","guid":{"rendered":"https:\/\/agendadelsur.com\/?p=61398"},"modified":"2025-12-24T01:55:03","modified_gmt":"2025-12-24T04:55:03","slug":"mendoza-una-nueva-marcha-masiva-en-contra-de-la-mineria-que-impulsa-el-gobernador-cornejo","status":"publish","type":"post","link":"https:\/\/agendadelsur.com\/index.php\/2025\/12\/24\/mendoza-una-nueva-marcha-masiva-en-contra-de-la-mineria-que-impulsa-el-gobernador-cornejo\/","title":{"rendered":"Mendoza: una nueva marcha masiva en contra de la miner\u00eda que impulsa el Gobernador Cornejo."},"content":{"rendered":"\n<h6 class=\"wp-block-heading\">Luego de veinte d\u00edas de protestas ininterrumpidas tras aprobar los proyectos mineros en Uspallata y Malarg\u00fce, este martes el pueblo mendocino marcho a la Casa de Gobierno. Tras la aprobaci\u00f3n del Senado de los pol\u00e9micos proyectos mineros, se vivieron movilizaciones que colmaron la provincia. Actividades, cortes de ruta y un revivir de las asambleas que hab\u00eda protagonizado el Mendozazo en diciembre de 2019.<\/h6>\n\n\n<div class=\"wp-block-image\">\n<figure class=\"aligncenter size-full\"><img loading=\"lazy\" decoding=\"async\" width=\"500\" height=\"276\" src=\"https:\/\/agendadelsur.com\/wp-content\/uploads\/2025\/12\/618595c38de15.jpg\" alt=\"\" class=\"wp-image-61400\" srcset=\"https:\/\/agendadelsur.com\/wp-content\/uploads\/2025\/12\/618595c38de15.jpg 500w, https:\/\/agendadelsur.com\/wp-content\/uploads\/2025\/12\/618595c38de15-300x166.jpg 300w\" sizes=\"(max-width: 500px) 100vw, 500px\" \/><\/figure><\/div>\n\n\n<p>Los medios hegem\u00f3nicos volvieron a responder con indiferencia mientras que el gobierno de Cornejo ajust\u00f3 la represi\u00f3n tratando de contener la movilizaci\u00f3n con golpes y detenciones.<\/p>\n\n\n\n<p>Fuente: Huella del Sur \/Facebook<\/p>\n\n\n<div class=\"wp-block-image\">\n<figure class=\"aligncenter size-full is-resized\"><img loading=\"lazy\" decoding=\"async\" width=\"300\" height=\"300\" src=\"https:\/\/agendadelsur.com\/wp-content\/uploads\/2025\/12\/aviso-2024-300300-Agenda-del-sur-web_Mesa-de-trabajo-1-1.jpg\" alt=\"\" class=\"wp-image-61349\" style=\"width:476px;height:auto\" srcset=\"https:\/\/agendadelsur.com\/wp-content\/uploads\/2025\/12\/aviso-2024-300300-Agenda-del-sur-web_Mesa-de-trabajo-1-1.jpg 300w, https:\/\/agendadelsur.com\/wp-content\/uploads\/2025\/12\/aviso-2024-300300-Agenda-del-sur-web_Mesa-de-trabajo-1-1-150x150.jpg 150w\" sizes=\"(max-width: 300px) 100vw, 300px\" \/><\/figure><\/div>","protected":false},"excerpt":{"rendered":"<p>Luego de veinte d\u00edas de protestas ininterrumpidas tras aprobar los proyectos mineros en Uspallata y Malarg\u00fce, este martes el pueblo mendocino marcho a la Casa de Gobierno. Tras la aprobaci\u00f3n del Senado de los pol\u00e9micos proyectos mineros, se vivieron movilizaciones que colmaron la provincia. Actividades, cortes de ruta y un revivir de las asambleas que [&hellip;]<\/p>\n","protected":false},"author":2,"featured_media":61399,"comment_status":"closed","ping_status":"open","sticky":false,"template":"","format":"standard","meta":{"footnotes":""},"categories":[8873],"tags":[17209],"_links":{"self":[{"href":"https:\/\/agendadelsur.com\/index.php\/wp-json\/wp\/v2\/posts\/61398"}],"collection":[{"href":"https:\/\/agendadelsur.com\/index.php\/wp-json\/wp\/v2\/posts"}],"about":[{"href":"https:\/\/agendadelsur.com\/index.php\/wp-json\/wp\/v2\/types\/post"}],"author":[{"embeddable":true,"href":"https:\/\/agendadelsur.com\/index.php\/wp-json\/wp\/v2\/users\/2"}],"replies":[{"embeddable":true,"href":"https:\/\/agendadelsur.com\/index.php\/wp-json\/wp\/v2\/comments?post=61398"}],"version-history":[{"count":1,"href":"https:\/\/agendadelsur.com\/index.php\/wp-json\/wp\/v2\/posts\/61398\/revisions"}],"predecessor-version":[{"id":61401,"href":"https:\/\/agendadelsur.com\/index.php\/wp-json\/wp\/v2\/posts\/61398\/revisions\/61401"}],"wp:featuredmedia":[{"embeddable":true,"href":"https:\/\/agendadelsur.com\/index.php\/wp-json\/wp\/v2\/media\/61399"}],"wp:attachment":[{"href":"https:\/\/agendadelsur.com\/index.php\/wp-json\/wp\/v2\/media?parent=61398"}],"wp:term":[{"taxonomy":"category","embeddable":true,"href":"https:\/\/agendadelsur.com\/index.php\/wp-json\/wp\/v2\/categories?post=61398"},{"taxonomy":"post_tag","embeddable":true,"href":"https:\/\/agendadelsur.com\/index.php\/wp-json\/wp\/v2\/tags?post=61398"}],"curies":[{"name":"wp","href":"https:\/\/api.w.org\/{rel}","templated":true}]}}