{"id":61617,"date":"2026-01-11T01:43:17","date_gmt":"2026-01-11T04:43:17","guid":{"rendered":"https:\/\/agendadelsur.com\/?p=61617"},"modified":"2026-01-11T01:43:18","modified_gmt":"2026-01-11T04:43:18","slug":"el-parque-del-futbol-sigue-creciendo","status":"publish","type":"post","link":"https:\/\/agendadelsur.com\/index.php\/2026\/01\/11\/el-parque-del-futbol-sigue-creciendo\/","title":{"rendered":"El Parque del F\u00fatbol sigue creciendo"},"content":{"rendered":"\n<h6 class=\"wp-block-heading\">Se inaugur\u00f3 un espacio donde funciona el Caf\u00e9 Club Rower, un local gastron\u00f3mico que combina la pasi\u00f3n por el deporte y el ciclismo.<\/h6>\n\n\n<div class=\"wp-block-image\">\n<figure class=\"aligncenter size-full is-resized\"><img loading=\"lazy\" decoding=\"async\" width=\"500\" height=\"333\" src=\"https:\/\/agendadelsur.com\/wp-content\/uploads\/2026\/01\/2-3.jpg\" alt=\"\" class=\"wp-image-61619\" style=\"width:592px;height:auto\" srcset=\"https:\/\/agendadelsur.com\/wp-content\/uploads\/2026\/01\/2-3.jpg 500w, https:\/\/agendadelsur.com\/wp-content\/uploads\/2026\/01\/2-3-300x200.jpg 300w\" sizes=\"(max-width: 500px) 100vw, 500px\" \/><\/figure><\/div>\n\n\n<p>El edificio cuenta con una galer\u00eda semicubierta, sal\u00f3n, sanitarios unisex, ba\u00f1o para personas con movilidad reducida, cocina independiente, despensa, dep\u00f3sito y sala de m\u00e1quinas. El Intendente Jorge Ferraresi particip\u00f3 del encuentro inaugural junto a los encargados del lugar.<\/p>\n\n\n<div class=\"wp-block-image\">\n<figure class=\"aligncenter size-full is-resized\"><img loading=\"lazy\" decoding=\"async\" width=\"500\" height=\"333\" src=\"https:\/\/agendadelsur.com\/wp-content\/uploads\/2026\/01\/1-2.jpg\" alt=\"\" class=\"wp-image-61620\" style=\"width:594px;height:auto\" srcset=\"https:\/\/agendadelsur.com\/wp-content\/uploads\/2026\/01\/1-2.jpg 500w, https:\/\/agendadelsur.com\/wp-content\/uploads\/2026\/01\/1-2-300x200.jpg 300w\" sizes=\"(max-width: 500px) 100vw, 500px\" \/><\/figure><\/div>\n\n\n<p>\u201cDesde la Municipalidad de Avellaneda siempre pensamos y construimos lugares de encuentro que al concretarse nos sirvan para fortalecer los lazos comunitarios. Desde hoy podremos disfrutar a\u00fan m\u00e1s del Parque del F\u00fatbol\u201d, expres\u00f3 Ferraresi desde sus redes.<\/p>\n\n\n<div class=\"wp-block-image\">\n<figure class=\"aligncenter size-full is-resized\"><img loading=\"lazy\" decoding=\"async\" width=\"300\" height=\"300\" src=\"https:\/\/agendadelsur.com\/wp-content\/uploads\/2026\/01\/agenda-del-sur.png\" alt=\"\" class=\"wp-image-61621\" style=\"width:580px;height:auto\" srcset=\"https:\/\/agendadelsur.com\/wp-content\/uploads\/2026\/01\/agenda-del-sur.png 300w, https:\/\/agendadelsur.com\/wp-content\/uploads\/2026\/01\/agenda-del-sur-150x150.png 150w\" sizes=\"(max-width: 300px) 100vw, 300px\" \/><\/figure><\/div>","protected":false},"excerpt":{"rendered":"<p>Se inaugur\u00f3 un espacio donde funciona el Caf\u00e9 Club Rower, un local gastron\u00f3mico que combina la pasi\u00f3n por el deporte y el ciclismo. El edificio cuenta con una galer\u00eda semicubierta, sal\u00f3n, sanitarios unisex, ba\u00f1o para personas con movilidad reducida, cocina independiente, despensa, dep\u00f3sito y sala de m\u00e1quinas. El Intendente Jorge Ferraresi particip\u00f3 del encuentro inaugural [&hellip;]<\/p>\n","protected":false},"author":2,"featured_media":61618,"comment_status":"closed","ping_status":"open","sticky":false,"template":"","format":"standard","meta":{"footnotes":""},"categories":[4],"tags":[17295,17296,17294,17293],"_links":{"self":[{"href":"https:\/\/agendadelsur.com\/index.php\/wp-json\/wp\/v2\/posts\/61617"}],"collection":[{"href":"https:\/\/agendadelsur.com\/index.php\/wp-json\/wp\/v2\/posts"}],"about":[{"href":"https:\/\/agendadelsur.com\/index.php\/wp-json\/wp\/v2\/types\/post"}],"author":[{"embeddable":true,"href":"https:\/\/agendadelsur.com\/index.php\/wp-json\/wp\/v2\/users\/2"}],"replies":[{"embeddable":true,"href":"https:\/\/agendadelsur.com\/index.php\/wp-json\/wp\/v2\/comments?post=61617"}],"version-history":[{"count":1,"href":"https:\/\/agendadelsur.com\/index.php\/wp-json\/wp\/v2\/posts\/61617\/revisions"}],"predecessor-version":[{"id":61622,"href":"https:\/\/agendadelsur.com\/index.php\/wp-json\/wp\/v2\/posts\/61617\/revisions\/61622"}],"wp:featuredmedia":[{"embeddable":true,"href":"https:\/\/agendadelsur.com\/index.php\/wp-json\/wp\/v2\/media\/61618"}],"wp:attachment":[{"href":"https:\/\/agendadelsur.com\/index.php\/wp-json\/wp\/v2\/media?parent=61617"}],"wp:term":[{"taxonomy":"category","embeddable":true,"href":"https:\/\/agendadelsur.com\/index.php\/wp-json\/wp\/v2\/categories?post=61617"},{"taxonomy":"post_tag","embeddable":true,"href":"https:\/\/agendadelsur.com\/index.php\/wp-json\/wp\/v2\/tags?post=61617"}],"curies":[{"name":"wp","href":"https:\/\/api.w.org\/{rel}","templated":true}]}}