{"id":61670,"date":"2026-01-15T01:37:27","date_gmt":"2026-01-15T04:37:27","guid":{"rendered":"https:\/\/agendadelsur.com\/?p=61670"},"modified":"2026-01-15T01:37:28","modified_gmt":"2026-01-15T04:37:28","slug":"masivo-acto-de-juan-grabois-en-cordoba","status":"publish","type":"post","link":"https:\/\/agendadelsur.com\/index.php\/2026\/01\/15\/masivo-acto-de-juan-grabois-en-cordoba\/","title":{"rendered":"Masivo acto de Juan Grabois en C\u00f3rdoba"},"content":{"rendered":"\n<h6 class=\"wp-block-heading\">El diputado nacional Juan Grabois encabez\u00f3 un multitudinario encuentro pol\u00edtico en Villa Mar\u00eda, C\u00f3rdoba, donde convoc\u00f3 a fortalecer la organizaci\u00f3n popular frente al ajuste y a construir una alternativa de justicia social con anclaje territorial y protagonismo juvenil.<\/h6>\n\n\n<div class=\"wp-block-image\">\n<figure class=\"aligncenter size-full is-resized\"><img loading=\"lazy\" decoding=\"async\" width=\"500\" height=\"281\" src=\"https:\/\/agendadelsur.com\/wp-content\/uploads\/2026\/01\/1.-Foto-Gentileza.jpg\" alt=\"\" class=\"wp-image-61672\" style=\"width:596px;height:auto\" srcset=\"https:\/\/agendadelsur.com\/wp-content\/uploads\/2026\/01\/1.-Foto-Gentileza.jpg 500w, https:\/\/agendadelsur.com\/wp-content\/uploads\/2026\/01\/1.-Foto-Gentileza-300x169.jpg 300w\" sizes=\"(max-width: 500px) 100vw, 500px\" \/><figcaption class=\"wp-element-caption\"><em>Foto Gentileza<\/em><\/figcaption><\/figure><\/div>\n\n\n<p>Grabois ingres\u00f3 a Villa Mar\u00eda caminando, sin vallas ni dispositivos blindados, privilegiando el contacto directo con vecinos, militantes y organizaciones sociales que colmaron el Teatrino del Subnivel.<\/p>\n\n\n\n<p>Durante su discurso, Grabois llam\u00f3 a profundizar la organizaci\u00f3n popular, defendi\u00f3 la justicia social y lanz\u00f3 duras cr\u00edticas al rumbo econ\u00f3mico del Gobierno nacional. El acto estuvo marcado por consignas contra el ajuste, banderas de organizaciones sociales y un fuerte respaldo de la militancia, que colm\u00f3 el predio y sus alrededores.<\/p>\n\n\n\n<p>Desde el espacio que lidera el dirigente social destacaron la masividad del evento como una se\u00f1al de crecimiento pol\u00edtico y de descontento social, mientras que el acto ya comenz\u00f3 a generar repercusiones en el escenario pol\u00edtico nacional.<\/p>\n\n\n<div class=\"wp-block-image\">\n<figure class=\"aligncenter size-full is-resized\"><img loading=\"lazy\" decoding=\"async\" width=\"300\" height=\"300\" src=\"https:\/\/agendadelsur.com\/wp-content\/uploads\/2026\/01\/agenda-del-sur.png\" alt=\"\" class=\"wp-image-61621\" style=\"width:542px;height:auto\" srcset=\"https:\/\/agendadelsur.com\/wp-content\/uploads\/2026\/01\/agenda-del-sur.png 300w, https:\/\/agendadelsur.com\/wp-content\/uploads\/2026\/01\/agenda-del-sur-150x150.png 150w\" sizes=\"(max-width: 300px) 100vw, 300px\" \/><\/figure><\/div>","protected":false},"excerpt":{"rendered":"<p>El diputado nacional Juan Grabois encabez\u00f3 un multitudinario encuentro pol\u00edtico en Villa Mar\u00eda, C\u00f3rdoba, donde convoc\u00f3 a fortalecer la organizaci\u00f3n popular frente al ajuste y a construir una alternativa de justicia social con anclaje territorial y protagonismo juvenil. Grabois ingres\u00f3 a Villa Mar\u00eda caminando, sin vallas ni dispositivos blindados, privilegiando el contacto directo con vecinos, [&hellip;]<\/p>\n","protected":false},"author":2,"featured_media":61671,"comment_status":"closed","ping_status":"open","sticky":false,"template":"","format":"standard","meta":{"footnotes":""},"categories":[2981],"tags":[17310,4365,17309],"_links":{"self":[{"href":"https:\/\/agendadelsur.com\/index.php\/wp-json\/wp\/v2\/posts\/61670"}],"collection":[{"href":"https:\/\/agendadelsur.com\/index.php\/wp-json\/wp\/v2\/posts"}],"about":[{"href":"https:\/\/agendadelsur.com\/index.php\/wp-json\/wp\/v2\/types\/post"}],"author":[{"embeddable":true,"href":"https:\/\/agendadelsur.com\/index.php\/wp-json\/wp\/v2\/users\/2"}],"replies":[{"embeddable":true,"href":"https:\/\/agendadelsur.com\/index.php\/wp-json\/wp\/v2\/comments?post=61670"}],"version-history":[{"count":1,"href":"https:\/\/agendadelsur.com\/index.php\/wp-json\/wp\/v2\/posts\/61670\/revisions"}],"predecessor-version":[{"id":61673,"href":"https:\/\/agendadelsur.com\/index.php\/wp-json\/wp\/v2\/posts\/61670\/revisions\/61673"}],"wp:featuredmedia":[{"embeddable":true,"href":"https:\/\/agendadelsur.com\/index.php\/wp-json\/wp\/v2\/media\/61671"}],"wp:attachment":[{"href":"https:\/\/agendadelsur.com\/index.php\/wp-json\/wp\/v2\/media?parent=61670"}],"wp:term":[{"taxonomy":"category","embeddable":true,"href":"https:\/\/agendadelsur.com\/index.php\/wp-json\/wp\/v2\/categories?post=61670"},{"taxonomy":"post_tag","embeddable":true,"href":"https:\/\/agendadelsur.com\/index.php\/wp-json\/wp\/v2\/tags?post=61670"}],"curies":[{"name":"wp","href":"https:\/\/api.w.org\/{rel}","templated":true}]}}