{"id":61984,"date":"2026-02-05T01:18:26","date_gmt":"2026-02-05T04:18:26","guid":{"rendered":"https:\/\/agendadelsur.com\/?p=61984"},"modified":"2026-02-05T01:18:27","modified_gmt":"2026-02-05T04:18:27","slug":"el-sable-de-san-martin-la-ultraderecha-nativa-busca-romper-nuestra-historia","status":"publish","type":"post","link":"https:\/\/agendadelsur.com\/index.php\/2026\/02\/05\/el-sable-de-san-martin-la-ultraderecha-nativa-busca-romper-nuestra-historia\/","title":{"rendered":"El sable de San Mart\u00edn. La Ultraderecha nativa busca romper nuestra historia."},"content":{"rendered":"\n<h6 class=\"wp-block-heading\">El sable que empu\u00f1\u00f3 San Mart\u00edn en sus campa\u00f1as libertadoras est\u00e1 otra vez en disputa. Milei quiere sacarlo del Museo Hist\u00f3rico Nacional y montar un show que ya despert\u00f3 pol\u00e9mica. Ahora aparecieron los herederos. La periodista Candelaria Dom\u00ednguez, descendiente de Manuelita Rosas, cuenta la aventura familiar de los \u00faltimos d\u00edas para presentar un amparo judicial y evitar la apropiaci\u00f3n arrebatada de un delicado s\u00edmbolo patrio.<\/h6>\n\n\n<div class=\"wp-block-image\">\n<figure class=\"aligncenter size-full is-resized\"><img loading=\"lazy\" decoding=\"async\" width=\"269\" height=\"187\" src=\"https:\/\/agendadelsur.com\/wp-content\/uploads\/2026\/02\/3-2.jpg\" alt=\"\" class=\"wp-image-61986\" style=\"width:559px;height:auto\"\/><figcaption class=\"wp-element-caption\"><em>El 24 de mayo de 2015 La Presidenta Cristina Kirchner deposit\u00f3 el sable de San Mart\u00edn en el Museo Hist\u00f3rico Nacional.<\/em><\/figcaption><\/figure><\/div>\n\n\n<p>Por: Candelaria Dom\u00ednguez\/Arte: Boomba.inc<\/p>\n\n\n\n<p>Nos alert\u00f3 el t\u00edo Ronnie. Escribi\u00f3 en el grupo de Whatsap de la familia: \u201cSi quieren llevarse el sable de San Mart\u00edn, nosotros quiz\u00e1s podamos evitarlo. Al fin y al cabo, somos los herederos de Manuelita Rosas\u201d.<\/p>\n\n\n\n<p>Con el mensaje, el link a una nota que contaba la intenci\u00f3n de Javier Milei de trasladar el sable corvo de Jos\u00e9 de San Mart\u00edn al Regimiento de Granaderos. Como esa, en los \u00faltimos d\u00edas varias m\u00e1s avivaron la pol\u00e9mica. \u201cEl sable corvo de San Mart\u00edn ir\u00e1 en helic\u00f3ptero para un acto de Milei\u201d dec\u00eda el t\u00edtulo de la nota de Susana Reinoso publicada en Clar\u00edn. Explicaba que el sable saldr\u00eda del Museo Hist\u00f3rico Nacional sin custodia de integrantes de la instituci\u00f3n y sin comunicaci\u00f3n oficial. Quer\u00edan recrear la Batalla de San Lorenzo con el sable original. Otra nota agregaba que el arma ser\u00eda presentada en este acto oficial para luego ser trasladada al Regimiento de Granaderos. Una nota de opini\u00f3n, escrita por el Jefe de Gabinete del Ministerio de Defensa, calific\u00f3 el traslado del sable como \u201cun acto de reparaci\u00f3n hist\u00f3rica\u201d. Algunos dec\u00edan que se lo estaba utilizando como bot\u00edn de viejas disputas pol\u00edticas, como un pedazo de utiler\u00eda en la devaluada batalla cultural. Varios art\u00edculos mencionaban la intenci\u00f3n del presidente de empu\u00f1ar \u00e9l mismo la espada del Libertador, en un momento del acto oficial y la reconstrucci\u00f3n del pr\u00f3ximo fin de semana. Falta, para ello, el decreto oficial que buscar\u00edan que avale el traslado.&nbsp;<\/p>\n\n\n\n<p>La misi\u00f3n familiar que vendr\u00eda en los d\u00edas que siguieron al mensaje del t\u00edo Ronnie empez\u00f3 con una conversaci\u00f3n en el grupo de Whatsapp \u2014el mismo que usamos para anunciar fechas de cumplea\u00f1os, definir qui\u00e9n har\u00e1 la ensalada rusa en las fiestas o qui\u00e9n lleva el postre\u2014 donde empezamos a compartir todos los art\u00edculos y la informaci\u00f3n disponible sobre el sable. Los le\u00ed entre mates en la redacci\u00f3n donde trabajo. Segu\u00edamos sin tenerlo claro. \u00bfPor qu\u00e9 el traslado del sable? \u00bfY con qu\u00e9 fin?<\/p>\n\n\n\n<figure class=\"wp-block-embed is-type-video is-provider-youtube wp-block-embed-youtube wp-embed-aspect-16-9 wp-has-aspect-ratio\"><div class=\"wp-block-embed__wrapper\">\n<div class=\"epyt-video-wrapper\"><iframe loading=\"lazy\"  id=\"_ytid_90920\"  width=\"640\" height=\"360\"  data-origwidth=\"640\" data-origheight=\"360\" src=\"https:\/\/www.youtube.com\/embed\/6ObCiRrNUko?enablejsapi=1&#038;autoplay=0&#038;cc_load_policy=0&#038;cc_lang_pref=&#038;iv_load_policy=1&#038;loop=0&#038;rel=1&#038;fs=1&#038;playsinline=0&#038;autohide=2&#038;theme=dark&#038;color=red&#038;controls=1&#038;disablekb=0&#038;\" class=\"__youtube_prefs__  epyt-is-override  no-lazyload\" title=\"YouTube player\"  allow=\"fullscreen; accelerometer; autoplay; clipboard-write; encrypted-media; gyroscope; picture-in-picture; web-share\" referrerpolicy=\"strict-origin-when-cross-origin\" allowfullscreen data-no-lazy=\"1\" data-skipgform_ajax_framebjll=\"\"><\/iframe><\/div>\n<\/div><\/figure>\n\n\n\n<p>Un breve racconto hist\u00f3rico: el sable lo adquiri\u00f3 San Mart\u00edn en Inglaterra, en 1811. Es un arma sin ostentaciones: no posee piezas de oro ni brillantes, es austera y sencilla. Tiene una curvatura irregular, que en su momento le daba gran capacidad de da\u00f1o al adversario. No se sabe a cu\u00e1nta gente mat\u00f3 o hiri\u00f3 San Mart\u00edn con ese sable. S\u00ed que lo us\u00f3 San Lorenzo y en las campa\u00f1as de Chile y&nbsp; Per\u00fa, en las batallas clave por la independencia. En 1844, desde el exilio en Francia San Mart\u00edn le envi\u00f3 su sable corvo a Juan Manuel de Rosas, a\u00fan en el poder. Escribi\u00f3 que se lo legaba \u201ccomo una prueba de la satisfacci\u00f3n que como argentino he tenido al ver la firmeza con que ha sostenido el honor de la Rep\u00fablica contra las injustas pretensiones de los extranjeros que tentaban de humillarla\u201d. En 1852, despu\u00e9s de perder la Batalla de Caseros, Rosas huy\u00f3 de Buenos Aires. El sable fue con \u00e9l, al exilio en Southampton. Y cuando muri\u00f3, en 1877, lo hered\u00f3 su yerno M\u00e1ximo Nepomuceno Terrero, esposo de Manuelita, e hijo de Jos\u00e9 Nepomuceno Terrero, que hab\u00eda sido en vida el hombre de m\u00e1xima confianza y administrador de los negocios de Rosas. Los Terrero \u2014y la propia Manuelita\u2014 son, adem\u00e1s, mis antepasados.<\/p>\n\n\n\n<p>Fuente: Motor Econ\u00f3mico<\/p>\n\n\n<div class=\"wp-block-image\">\n<figure class=\"aligncenter size-full is-resized\"><img loading=\"lazy\" decoding=\"async\" width=\"300\" height=\"300\" src=\"https:\/\/agendadelsur.com\/wp-content\/uploads\/2026\/01\/aviso-2024-300300-Agenda-del-sur-web_Mesa-de-trabajo-1-1.jpg\" alt=\"\" class=\"wp-image-61763\" style=\"width:514px;height:auto\" srcset=\"https:\/\/agendadelsur.com\/wp-content\/uploads\/2026\/01\/aviso-2024-300300-Agenda-del-sur-web_Mesa-de-trabajo-1-1.jpg 300w, https:\/\/agendadelsur.com\/wp-content\/uploads\/2026\/01\/aviso-2024-300300-Agenda-del-sur-web_Mesa-de-trabajo-1-1-150x150.jpg 150w\" sizes=\"(max-width: 300px) 100vw, 300px\" \/><\/figure><\/div>","protected":false},"excerpt":{"rendered":"<p>El sable que empu\u00f1\u00f3 San Mart\u00edn en sus campa\u00f1as libertadoras est\u00e1 otra vez en disputa. Milei quiere sacarlo del Museo Hist\u00f3rico Nacional y montar un show que ya despert\u00f3 pol\u00e9mica. Ahora aparecieron los herederos. La periodista Candelaria Dom\u00ednguez, descendiente de Manuelita Rosas, cuenta la aventura familiar de los \u00faltimos d\u00edas para presentar un amparo judicial [&hellip;]<\/p>\n","protected":false},"author":2,"featured_media":61985,"comment_status":"closed","ping_status":"open","sticky":false,"template":"","format":"standard","meta":{"footnotes":""},"categories":[9],"tags":[17401],"_links":{"self":[{"href":"https:\/\/agendadelsur.com\/index.php\/wp-json\/wp\/v2\/posts\/61984"}],"collection":[{"href":"https:\/\/agendadelsur.com\/index.php\/wp-json\/wp\/v2\/posts"}],"about":[{"href":"https:\/\/agendadelsur.com\/index.php\/wp-json\/wp\/v2\/types\/post"}],"author":[{"embeddable":true,"href":"https:\/\/agendadelsur.com\/index.php\/wp-json\/wp\/v2\/users\/2"}],"replies":[{"embeddable":true,"href":"https:\/\/agendadelsur.com\/index.php\/wp-json\/wp\/v2\/comments?post=61984"}],"version-history":[{"count":1,"href":"https:\/\/agendadelsur.com\/index.php\/wp-json\/wp\/v2\/posts\/61984\/revisions"}],"predecessor-version":[{"id":61987,"href":"https:\/\/agendadelsur.com\/index.php\/wp-json\/wp\/v2\/posts\/61984\/revisions\/61987"}],"wp:featuredmedia":[{"embeddable":true,"href":"https:\/\/agendadelsur.com\/index.php\/wp-json\/wp\/v2\/media\/61985"}],"wp:attachment":[{"href":"https:\/\/agendadelsur.com\/index.php\/wp-json\/wp\/v2\/media?parent=61984"}],"wp:term":[{"taxonomy":"category","embeddable":true,"href":"https:\/\/agendadelsur.com\/index.php\/wp-json\/wp\/v2\/categories?post=61984"},{"taxonomy":"post_tag","embeddable":true,"href":"https:\/\/agendadelsur.com\/index.php\/wp-json\/wp\/v2\/tags?post=61984"}],"curies":[{"name":"wp","href":"https:\/\/api.w.org\/{rel}","templated":true}]}}