{"id":62488,"date":"2026-03-08T00:15:00","date_gmt":"2026-03-08T03:15:00","guid":{"rendered":"https:\/\/agendadelsur.com\/?p=62488"},"modified":"2026-03-07T22:39:24","modified_gmt":"2026-03-08T01:39:24","slug":"parque-central-las-colonias","status":"publish","type":"post","link":"https:\/\/agendadelsur.com\/index.php\/2026\/03\/08\/parque-central-las-colonias\/","title":{"rendered":"Parque Central Las Colonias"},"content":{"rendered":"\n<h6 class=\"wp-block-heading\">Con el objetivo de mejorar y hacer del pulm\u00f3n verde en la ciudad un espacio para el disfrute de todas y todos los lanusenses se realiz\u00f3 una obra integral que permiti\u00f3 la creaci\u00f3n del Parque Central Las Colonias.<\/h6>\n\n\n<div class=\"wp-block-image\">\n<figure class=\"aligncenter size-full\"><img loading=\"lazy\" decoding=\"async\" width=\"450\" height=\"562\" src=\"https:\/\/agendadelsur.com\/wp-content\/uploads\/2026\/03\/648974405_18513423994079407_3096793609068481856_n.jpg\" alt=\"\" class=\"wp-image-62490\" srcset=\"https:\/\/agendadelsur.com\/wp-content\/uploads\/2026\/03\/648974405_18513423994079407_3096793609068481856_n.jpg 450w, https:\/\/agendadelsur.com\/wp-content\/uploads\/2026\/03\/648974405_18513423994079407_3096793609068481856_n-240x300.jpg 240w\" sizes=\"(max-width: 450px) 100vw, 450px\" \/><\/figure><\/div>\n\n\n<p>Dentro de \u00e9l se coloc\u00f3 nuevos p\u00f3rticos de ingreso y carteler\u00eda, se abrieron calles y paseos, se repararon, senderos y veredas. Se inaugur\u00f3 inauguramos el Parque Ambiental, se restaur\u00f3 &nbsp;la hist\u00f3rica pileta del lugar, se coloc\u00f3 nuevo mobiliario urbano y \u00e1reas de juegos. Se mont\u00f3 el Paseo Gastron\u00f3mico, se sumaron &nbsp;la senda aer\u00f3bica, se construyeron canchas y zonas deportivas; entre otras cosas.<\/p>\n\n\n\n<figure class=\"wp-block-gallery has-nested-images columns-default is-cropped wp-block-gallery-1 is-layout-flex wp-block-gallery-is-layout-flex\">\n<figure class=\"wp-block-image size-large\"><img loading=\"lazy\" decoding=\"async\" width=\"450\" height=\"561\" data-id=\"62491\" src=\"https:\/\/agendadelsur.com\/wp-content\/uploads\/2026\/03\/649180896_18513423919079407_5924930032744694899_n.jpg\" alt=\"\" class=\"wp-image-62491\" srcset=\"https:\/\/agendadelsur.com\/wp-content\/uploads\/2026\/03\/649180896_18513423919079407_5924930032744694899_n.jpg 450w, https:\/\/agendadelsur.com\/wp-content\/uploads\/2026\/03\/649180896_18513423919079407_5924930032744694899_n-241x300.jpg 241w\" sizes=\"(max-width: 450px) 100vw, 450px\" \/><\/figure>\n\n\n\n<figure class=\"wp-block-image size-large\"><img loading=\"lazy\" decoding=\"async\" width=\"450\" height=\"562\" data-id=\"62493\" src=\"https:\/\/agendadelsur.com\/wp-content\/uploads\/2026\/03\/649188461_18513423985079407_7681118540539921776_n.jpg\" alt=\"\" class=\"wp-image-62493\" srcset=\"https:\/\/agendadelsur.com\/wp-content\/uploads\/2026\/03\/649188461_18513423985079407_7681118540539921776_n.jpg 450w, https:\/\/agendadelsur.com\/wp-content\/uploads\/2026\/03\/649188461_18513423985079407_7681118540539921776_n-240x300.jpg 240w\" sizes=\"(max-width: 450px) 100vw, 450px\" \/><\/figure>\n\n\n\n<figure class=\"wp-block-image size-large\"><img loading=\"lazy\" decoding=\"async\" width=\"450\" height=\"562\" data-id=\"62492\" src=\"https:\/\/agendadelsur.com\/wp-content\/uploads\/2026\/03\/649215609_18513423889079407_7150558816277297496_n.jpg\" alt=\"\" class=\"wp-image-62492\" srcset=\"https:\/\/agendadelsur.com\/wp-content\/uploads\/2026\/03\/649215609_18513423889079407_7150558816277297496_n.jpg 450w, https:\/\/agendadelsur.com\/wp-content\/uploads\/2026\/03\/649215609_18513423889079407_7150558816277297496_n-240x300.jpg 240w\" sizes=\"(max-width: 450px) 100vw, 450px\" \/><\/figure>\n<\/figure>\n\n\n\n<figure class=\"wp-block-gallery has-nested-images columns-default is-cropped wp-block-gallery-2 is-layout-flex wp-block-gallery-is-layout-flex\">\n<figure class=\"wp-block-image size-full\"><img loading=\"lazy\" decoding=\"async\" width=\"450\" height=\"561\" data-id=\"62497\" src=\"https:\/\/agendadelsur.com\/wp-content\/uploads\/2026\/03\/648800572_18513424021079407_6223218052203076182_n.jpg\" alt=\"\" class=\"wp-image-62497\" srcset=\"https:\/\/agendadelsur.com\/wp-content\/uploads\/2026\/03\/648800572_18513424021079407_6223218052203076182_n.jpg 450w, https:\/\/agendadelsur.com\/wp-content\/uploads\/2026\/03\/648800572_18513424021079407_6223218052203076182_n-241x300.jpg 241w\" sizes=\"(max-width: 450px) 100vw, 450px\" \/><\/figure>\n\n\n\n<figure class=\"wp-block-image size-large\"><img loading=\"lazy\" decoding=\"async\" width=\"450\" height=\"562\" data-id=\"62494\" src=\"https:\/\/agendadelsur.com\/wp-content\/uploads\/2026\/03\/649222998_18513423976079407_3101486797378279828_n.jpg\" alt=\"\" class=\"wp-image-62494\" srcset=\"https:\/\/agendadelsur.com\/wp-content\/uploads\/2026\/03\/649222998_18513423976079407_3101486797378279828_n.jpg 450w, https:\/\/agendadelsur.com\/wp-content\/uploads\/2026\/03\/649222998_18513423976079407_3101486797378279828_n-240x300.jpg 240w\" sizes=\"(max-width: 450px) 100vw, 450px\" \/><\/figure>\n\n\n\n<figure class=\"wp-block-image size-large\"><img loading=\"lazy\" decoding=\"async\" width=\"450\" height=\"562\" data-id=\"62496\" src=\"https:\/\/agendadelsur.com\/wp-content\/uploads\/2026\/03\/649248154_18513423967079407_1809388204631238244_n.jpg\" alt=\"\" class=\"wp-image-62496\" srcset=\"https:\/\/agendadelsur.com\/wp-content\/uploads\/2026\/03\/649248154_18513423967079407_1809388204631238244_n.jpg 450w, https:\/\/agendadelsur.com\/wp-content\/uploads\/2026\/03\/649248154_18513423967079407_1809388204631238244_n-240x300.jpg 240w\" sizes=\"(max-width: 450px) 100vw, 450px\" \/><\/figure>\n<\/figure>\n\n\n\n<p>Fuente: Lan\u00fas Municipio<\/p>\n\n\n<div class=\"wp-block-image\">\n<figure class=\"aligncenter size-full is-resized\"><img loading=\"lazy\" decoding=\"async\" width=\"300\" height=\"300\" src=\"https:\/\/agendadelsur.com\/wp-content\/uploads\/2026\/03\/TOTAL-2.jpg\" alt=\"\" class=\"wp-image-62390\" style=\"width:464px;height:auto\" srcset=\"https:\/\/agendadelsur.com\/wp-content\/uploads\/2026\/03\/TOTAL-2.jpg 300w, https:\/\/agendadelsur.com\/wp-content\/uploads\/2026\/03\/TOTAL-2-150x150.jpg 150w\" sizes=\"(max-width: 300px) 100vw, 300px\" \/><\/figure><\/div>","protected":false},"excerpt":{"rendered":"<p>Con el objetivo de mejorar y hacer del pulm\u00f3n verde en la ciudad un espacio para el disfrute de todas y todos los lanusenses se realiz\u00f3 una obra integral que permiti\u00f3 la creaci\u00f3n del Parque Central Las Colonias. Dentro de \u00e9l se coloc\u00f3 nuevos p\u00f3rticos de ingreso y carteler\u00eda, se abrieron calles y paseos, se [&hellip;]<\/p>\n","protected":false},"author":2,"featured_media":62489,"comment_status":"closed","ping_status":"open","sticky":false,"template":"","format":"standard","meta":{"footnotes":""},"categories":[5247],"tags":[5276,17555],"_links":{"self":[{"href":"https:\/\/agendadelsur.com\/index.php\/wp-json\/wp\/v2\/posts\/62488"}],"collection":[{"href":"https:\/\/agendadelsur.com\/index.php\/wp-json\/wp\/v2\/posts"}],"about":[{"href":"https:\/\/agendadelsur.com\/index.php\/wp-json\/wp\/v2\/types\/post"}],"author":[{"embeddable":true,"href":"https:\/\/agendadelsur.com\/index.php\/wp-json\/wp\/v2\/users\/2"}],"replies":[{"embeddable":true,"href":"https:\/\/agendadelsur.com\/index.php\/wp-json\/wp\/v2\/comments?post=62488"}],"version-history":[{"count":1,"href":"https:\/\/agendadelsur.com\/index.php\/wp-json\/wp\/v2\/posts\/62488\/revisions"}],"predecessor-version":[{"id":62498,"href":"https:\/\/agendadelsur.com\/index.php\/wp-json\/wp\/v2\/posts\/62488\/revisions\/62498"}],"wp:featuredmedia":[{"embeddable":true,"href":"https:\/\/agendadelsur.com\/index.php\/wp-json\/wp\/v2\/media\/62489"}],"wp:attachment":[{"href":"https:\/\/agendadelsur.com\/index.php\/wp-json\/wp\/v2\/media?parent=62488"}],"wp:term":[{"taxonomy":"category","embeddable":true,"href":"https:\/\/agendadelsur.com\/index.php\/wp-json\/wp\/v2\/categories?post=62488"},{"taxonomy":"post_tag","embeddable":true,"href":"https:\/\/agendadelsur.com\/index.php\/wp-json\/wp\/v2\/tags?post=62488"}],"curies":[{"name":"wp","href":"https:\/\/api.w.org\/{rel}","templated":true}]}}