{"id":62667,"date":"2026-03-19T00:37:39","date_gmt":"2026-03-19T03:37:39","guid":{"rendered":"https:\/\/agendadelsur.com\/?p=62667"},"modified":"2026-03-19T00:52:20","modified_gmt":"2026-03-19T03:52:20","slug":"exijo-mi-akm","status":"publish","type":"post","link":"https:\/\/agendadelsur.com\/index.php\/2026\/03\/19\/exijo-mi-akm\/","title":{"rendered":"\u201cExijo mi AKM\u201d"},"content":{"rendered":"\n<h6 class=\"wp-block-heading\">Lo expres\u00f3 el cantautor Silvio Rodr\u00edguez -en medio de una nueva escalada de EE.UU. contra Cuba- el hist\u00f3rico trovador volvi\u00f3 a irrumpir en el debate pol\u00edtico a trav\u00e9s de su blog personal, all\u00ed afirm\u00f3 que estar\u00eda dispuesto a tomar las armas en caso de una agresi\u00f3n militar contra la isla, llegando incluso a plantear: \u201cexijo mi AKM\u201d, en referencia al fusil de origen sovi\u00e9tico. Sus palabras se producen luego de declaraciones del presidente Donald Trump, quien hab\u00eda insinuado la posibilidad de avanzar sobre Cuba en el marco del actual escenario geopol\u00edtico.<\/h6>\n\n\n<div class=\"wp-block-image\">\n<figure class=\"aligncenter size-full\"><img loading=\"lazy\" decoding=\"async\" width=\"450\" height=\"600\" src=\"https:\/\/agendadelsur.com\/wp-content\/uploads\/2026\/03\/1-9.jpg\" alt=\"\" class=\"wp-image-62669\" srcset=\"https:\/\/agendadelsur.com\/wp-content\/uploads\/2026\/03\/1-9.jpg 450w, https:\/\/agendadelsur.com\/wp-content\/uploads\/2026\/03\/1-9-225x300.jpg 225w\" sizes=\"(max-width: 450px) 100vw, 450px\" \/><\/figure><\/div>\n\n\n<p>Lejos de ser una expresi\u00f3n aislada, las palabras de Rodr\u00edguez se inscriben en una larga historia de hostigamiento contra la isla, marcada por el bloqueo econ\u00f3mico, comercial y financiero impuesto por Estados Unidos desde hace m\u00e1s de seis d\u00e9cadas. Este bloqueo, rechazado a\u00f1o tras a\u00f1o por la comunidad internacional en la ONU, ha condicionado profundamente el desarrollo econ\u00f3mico y social cubano, generando restricciones en el acceso a alimentos, medicamentos, tecnolog\u00eda y financiamiento. En este contexto, desde La Habana, el gobierno encabezado por Miguel D\u00edaz-Canel viene denunciando una pol\u00edtica de asfixia que busca doblegar la soberan\u00eda del pa\u00eds, al tiempo que convoca a la resistencia frente a cualquier intento de intervenci\u00f3n.<\/p>\n\n\n\n<p>La intervenci\u00f3n del artista retoma as\u00ed una tradici\u00f3n hist\u00f3rica de defensa vinculada al proceso revolucionario cubano, donde la cultura y la pol\u00edtica han estado estrechamente entrelazadas. Sus declaraciones generaron repercusiones a nivel internacional, entre quienes ven en sus palabras una reafirmaci\u00f3n del derecho a la autodeterminaci\u00f3n.<\/p>\n\n\n\n<p>Fuente: Anred \/Foto Portada: Facebook Silvio Rodr\u00edguez<\/p>\n\n\n<div class=\"wp-block-image\">\n<figure class=\"aligncenter size-full is-resized\"><img loading=\"lazy\" decoding=\"async\" width=\"300\" height=\"300\" src=\"https:\/\/agendadelsur.com\/wp-content\/uploads\/2026\/03\/1.-aviso-2024-300300-Agenda-del-sur-web_Mesa-de-trabajo-1-1.jpg\" alt=\"\" class=\"wp-image-62639\" style=\"width:454px;height:auto\" srcset=\"https:\/\/agendadelsur.com\/wp-content\/uploads\/2026\/03\/1.-aviso-2024-300300-Agenda-del-sur-web_Mesa-de-trabajo-1-1.jpg 300w, https:\/\/agendadelsur.com\/wp-content\/uploads\/2026\/03\/1.-aviso-2024-300300-Agenda-del-sur-web_Mesa-de-trabajo-1-1-150x150.jpg 150w\" sizes=\"(max-width: 300px) 100vw, 300px\" \/><\/figure><\/div>","protected":false},"excerpt":{"rendered":"<p>Lo expres\u00f3 el cantautor Silvio Rodr\u00edguez -en medio de una nueva escalada de EE.UU. contra Cuba- el hist\u00f3rico trovador volvi\u00f3 a irrumpir en el debate pol\u00edtico a trav\u00e9s de su blog personal, all\u00ed afirm\u00f3 que estar\u00eda dispuesto a tomar las armas en caso de una agresi\u00f3n militar contra la isla, llegando incluso a plantear: \u201cexijo [&hellip;]<\/p>\n","protected":false},"author":2,"featured_media":62668,"comment_status":"closed","ping_status":"open","sticky":false,"template":"","format":"standard","meta":{"footnotes":""},"categories":[576],"tags":[17601,16876],"_links":{"self":[{"href":"https:\/\/agendadelsur.com\/index.php\/wp-json\/wp\/v2\/posts\/62667"}],"collection":[{"href":"https:\/\/agendadelsur.com\/index.php\/wp-json\/wp\/v2\/posts"}],"about":[{"href":"https:\/\/agendadelsur.com\/index.php\/wp-json\/wp\/v2\/types\/post"}],"author":[{"embeddable":true,"href":"https:\/\/agendadelsur.com\/index.php\/wp-json\/wp\/v2\/users\/2"}],"replies":[{"embeddable":true,"href":"https:\/\/agendadelsur.com\/index.php\/wp-json\/wp\/v2\/comments?post=62667"}],"version-history":[{"count":2,"href":"https:\/\/agendadelsur.com\/index.php\/wp-json\/wp\/v2\/posts\/62667\/revisions"}],"predecessor-version":[{"id":62674,"href":"https:\/\/agendadelsur.com\/index.php\/wp-json\/wp\/v2\/posts\/62667\/revisions\/62674"}],"wp:featuredmedia":[{"embeddable":true,"href":"https:\/\/agendadelsur.com\/index.php\/wp-json\/wp\/v2\/media\/62668"}],"wp:attachment":[{"href":"https:\/\/agendadelsur.com\/index.php\/wp-json\/wp\/v2\/media?parent=62667"}],"wp:term":[{"taxonomy":"category","embeddable":true,"href":"https:\/\/agendadelsur.com\/index.php\/wp-json\/wp\/v2\/categories?post=62667"},{"taxonomy":"post_tag","embeddable":true,"href":"https:\/\/agendadelsur.com\/index.php\/wp-json\/wp\/v2\/tags?post=62667"}],"curies":[{"name":"wp","href":"https:\/\/api.w.org\/{rel}","templated":true}]}}