{"id":62713,"date":"2026-03-20T16:33:46","date_gmt":"2026-03-20T19:33:46","guid":{"rendered":"https:\/\/agendadelsur.com\/?p=62713"},"modified":"2026-03-20T16:33:47","modified_gmt":"2026-03-20T19:33:47","slug":"convoy-solidario-nuestra-america-llego-a-la-habana","status":"publish","type":"post","link":"https:\/\/agendadelsur.com\/index.php\/2026\/03\/20\/convoy-solidario-nuestra-america-llego-a-la-habana\/","title":{"rendered":"Convoy Solidario Nuestra Am\u00e9rica lleg\u00f3 a La Habana"},"content":{"rendered":"\n<h6 class=\"wp-block-heading\">LA HABANA, 19 mar (Xinhua) &#8212; El Convoy Nuestra Am\u00e9rica lleg\u00f3 este jueves a Cuba en solidaridad con su pueblo y denunci\u00f3 el bloqueo y las presiones del Gobierno de Estados Unidos contra la isla caribe\u00f1a. El activista estadounidense David Adler, coordinador de la Internacional Progresista, declar\u00f3 en conferencia de prensa que no solo traen a Cuba ayuda humanitaria, sino la solidaridad internacional en su lucha por la autodeterminaci\u00f3n.<\/h6>\n\n\n<div class=\"wp-block-image\">\n<figure class=\"aligncenter size-full is-resized\"><img loading=\"lazy\" decoding=\"async\" width=\"449\" height=\"291\" src=\"https:\/\/agendadelsur.com\/wp-content\/uploads\/2026\/03\/c-1.jpg\" alt=\"\" class=\"wp-image-62715\" style=\"width:535px;height:auto\" srcset=\"https:\/\/agendadelsur.com\/wp-content\/uploads\/2026\/03\/c-1.jpg 449w, https:\/\/agendadelsur.com\/wp-content\/uploads\/2026\/03\/c-1-300x194.jpg 300w\" sizes=\"(max-width: 449px) 100vw, 449px\" \/><\/figure><\/div>\n\n\n<p>Adler explic\u00f3 que diversas organizaciones en Estados Unidos se oponen a la pol\u00edtica de agresi\u00f3n contra la isla porque viola cada fundamento del derecho internacional. &#8220;Estamos aqu\u00ed con una misi\u00f3n humanitaria, porque queremos estar a su lado, atender a las necesidades del pueblo cubano&#8221;, apunt\u00f3.<\/p>\n\n\n\n<p>&#8220;Tambi\u00e9n vinimos a forjar un frente de solidaridad con Cuba&#8221;, dijo el activista. Una de las maniobras de Washington es aislar y castigar al pueblo y que algunos pa\u00edses como Costa Rica y Ecuador no reconozcan al Gobierno de La Habana.<\/p>\n\n\n\n<p>&#8220;No podemos permitirlo, no podemos normalizarlo ni en casa, ni en Cuba, ni en cualquier parte del mundo que hoy en d\u00eda confronta a una potencia militar (Estados Unidos) y que no tiene ni una gota de verg\u00fcenza, un Gobierno que pretende recolonizar a las Am\u00e9ricas&#8221;, sentenci\u00f3 Adler.<\/p>\n\n\n\n<p>Por su parte, Manolo de los Santos, activista y director ejecutivo de The People&#8217;s Forum, advirti\u00f3 que el presidente estadounidense, Donald Trump, y la clase pol\u00edtica estadounidense amenazan la paz del pueblo de Cuba.<\/p>\n\n\n\n<p>&#8220;Llegar a Cuba en este momento es desafiar el bloqueo y el cerco genocida contra el pueblo cubano&#8221;, subray\u00f3 De los Santos. Seg\u00fan \u00e9l, los miembros del Convoy &#8220;estamos dispuestos&#8221; a estar junto a la gente en la isla, y &#8220;no aceptaremos otra Gaza en nuestro planeta&#8221;.<\/p>\n\n\n\n<p>La ayuda solidaria del Convoy Nuestra Am\u00e9rica, de m\u00e1s de 20 toneladas, incluye alimentos y medicamentos para ni\u00f1os con c\u00e1ncer, art\u00edculos imprescindibles que Cuba no puede comprar por el bloqueo impuesto por Estados Unidos hace m\u00e1s de seis d\u00e9cadas, explic\u00f3 el activista.<\/p>\n\n\n\n<p>Estar junto al pueblo de la isla en este momento tan dif\u00edcil es lo m\u00e1s importante, subray\u00f3. Es &#8220;nuestro deber&#8221; escuchar, conversar y compartir con la gente, aprender de esta nueva realidad, apunt\u00f3 De los Santos.<\/p>\n\n\n\n<p>&#8220;Ojal\u00e1 que de estos breves d\u00edas en La Habana salgamos con la valent\u00eda propia del pueblo cubano para denunciar estas pol\u00edticas tan injustas, tan crueles y tan guerreristas&#8221;, concluy\u00f3.<\/p>\n\n\n\n<p>El 21 de marzo ser\u00e1 el D\u00eda Internacional de Solidaridad con Cuba anunciado por los miembros del Convoy Nuestra Am\u00e9rica, quienes realizar\u00e1n diversas actividades en La Habana, incluyendo intercambios con autoridades de Ministerios de la isla.<\/p>\n\n\n\n<p>Fuente: Agencia Xinhua<\/p>\n\n\n<div class=\"wp-block-image\">\n<figure class=\"aligncenter size-full is-resized\"><img loading=\"lazy\" decoding=\"async\" width=\"300\" height=\"300\" src=\"https:\/\/agendadelsur.com\/wp-content\/uploads\/2026\/03\/agenda-del-sur-1.png\" alt=\"\" class=\"wp-image-62630\" style=\"width:446px;height:auto\" srcset=\"https:\/\/agendadelsur.com\/wp-content\/uploads\/2026\/03\/agenda-del-sur-1.png 300w, https:\/\/agendadelsur.com\/wp-content\/uploads\/2026\/03\/agenda-del-sur-1-150x150.png 150w\" sizes=\"(max-width: 300px) 100vw, 300px\" \/><\/figure><\/div>","protected":false},"excerpt":{"rendered":"<p>LA HABANA, 19 mar (Xinhua) &#8212; El Convoy Nuestra Am\u00e9rica lleg\u00f3 este jueves a Cuba en solidaridad con su pueblo y denunci\u00f3 el bloqueo y las presiones del Gobierno de Estados Unidos contra la isla caribe\u00f1a. El activista estadounidense David Adler, coordinador de la Internacional Progresista, declar\u00f3 en conferencia de prensa que no solo traen [&hellip;]<\/p>\n","protected":false},"author":2,"featured_media":62714,"comment_status":"closed","ping_status":"open","sticky":false,"template":"","format":"standard","meta":{"footnotes":""},"categories":[576],"tags":[17612,17613],"_links":{"self":[{"href":"https:\/\/agendadelsur.com\/index.php\/wp-json\/wp\/v2\/posts\/62713"}],"collection":[{"href":"https:\/\/agendadelsur.com\/index.php\/wp-json\/wp\/v2\/posts"}],"about":[{"href":"https:\/\/agendadelsur.com\/index.php\/wp-json\/wp\/v2\/types\/post"}],"author":[{"embeddable":true,"href":"https:\/\/agendadelsur.com\/index.php\/wp-json\/wp\/v2\/users\/2"}],"replies":[{"embeddable":true,"href":"https:\/\/agendadelsur.com\/index.php\/wp-json\/wp\/v2\/comments?post=62713"}],"version-history":[{"count":1,"href":"https:\/\/agendadelsur.com\/index.php\/wp-json\/wp\/v2\/posts\/62713\/revisions"}],"predecessor-version":[{"id":62716,"href":"https:\/\/agendadelsur.com\/index.php\/wp-json\/wp\/v2\/posts\/62713\/revisions\/62716"}],"wp:featuredmedia":[{"embeddable":true,"href":"https:\/\/agendadelsur.com\/index.php\/wp-json\/wp\/v2\/media\/62714"}],"wp:attachment":[{"href":"https:\/\/agendadelsur.com\/index.php\/wp-json\/wp\/v2\/media?parent=62713"}],"wp:term":[{"taxonomy":"category","embeddable":true,"href":"https:\/\/agendadelsur.com\/index.php\/wp-json\/wp\/v2\/categories?post=62713"},{"taxonomy":"post_tag","embeddable":true,"href":"https:\/\/agendadelsur.com\/index.php\/wp-json\/wp\/v2\/tags?post=62713"}],"curies":[{"name":"wp","href":"https:\/\/api.w.org\/{rel}","templated":true}]}}