{"id":63440,"date":"2026-04-23T21:28:41","date_gmt":"2026-04-24T00:28:41","guid":{"rendered":"https:\/\/agendadelsur.com\/?p=63440"},"modified":"2026-04-23T21:28:42","modified_gmt":"2026-04-24T00:28:42","slug":"aprende-un-oficio-y-proyecta-tu-futuro","status":"publish","type":"post","link":"https:\/\/agendadelsur.com\/index.php\/2026\/04\/23\/aprende-un-oficio-y-proyecta-tu-futuro\/","title":{"rendered":"Aprend\u00e9 un Oficio y Proyect\u00e1 tu Futuro"},"content":{"rendered":"\n<h6 class=\"wp-block-heading\">El Instituto Provincial de Formaci\u00f3n Laboral y el Municipio de Avellaneda brindan cursos gratuitos de formaci\u00f3n laboral.<\/h6>\n\n\n<div class=\"wp-block-image\">\n<figure class=\"aligncenter size-full is-resized\"><img loading=\"lazy\" decoding=\"async\" width=\"680\" height=\"440\" src=\"https:\/\/agendadelsur.com\/wp-content\/uploads\/2026\/04\/677370160_1431715965665274_7118269242455197379_n-1.jpg\" alt=\"\" class=\"wp-image-63442\" style=\"width:524px;height:auto\" srcset=\"https:\/\/agendadelsur.com\/wp-content\/uploads\/2026\/04\/677370160_1431715965665274_7118269242455197379_n-1.jpg 680w, https:\/\/agendadelsur.com\/wp-content\/uploads\/2026\/04\/677370160_1431715965665274_7118269242455197379_n-1-300x194.jpg 300w\" sizes=\"(max-width: 680px) 100vw, 680px\" \/><\/figure><\/div>\n\n\n<p>MONTADOR ELECTRICISTA DOMICILIARIO: Centro Cultural Los Monoblocks, en N\u00fa\u00f1ez y Pje. C\u00e9spedes, Dock Sud.<\/p>\n\n\n\n\n\n<p>PELUQUERO\/A: SUM Saladita Norte, en Morse y Ocanto, Saladita Norte, Sarand\u00ed.<\/p>\n\n\n\n\n\n<p>MOZO B\u00c1SICO: Centro de Inclusi\u00f3n de Personas con Discapacidad, en Alem 1273, Dock Sud.<\/p>\n\n\n<div class=\"wp-block-image\">\n<figure class=\"aligncenter size-full\"><img loading=\"lazy\" decoding=\"async\" width=\"500\" height=\"624\" src=\"https:\/\/agendadelsur.com\/wp-content\/uploads\/2026\/04\/676871835_1431715968998607_5421739936567996479_n.jpg\" alt=\"\" class=\"wp-image-63443\" srcset=\"https:\/\/agendadelsur.com\/wp-content\/uploads\/2026\/04\/676871835_1431715968998607_5421739936567996479_n.jpg 500w, https:\/\/agendadelsur.com\/wp-content\/uploads\/2026\/04\/676871835_1431715968998607_5421739936567996479_n-240x300.jpg 240w\" sizes=\"(max-width: 500px) 100vw, 500px\" \/><\/figure><\/div>\n\n\n<p>OPERARIO HORT\u00cdCOLA: SUM Eva Per\u00f3n, Lomas de Zamora y Padre S\u00e1nchez, Wilde.<\/p>\n\n\n<div class=\"wp-block-image\">\n<figure class=\"aligncenter size-full\"><img loading=\"lazy\" decoding=\"async\" width=\"500\" height=\"624\" src=\"https:\/\/agendadelsur.com\/wp-content\/uploads\/2026\/04\/680289567_1431715972331940_5018438687290760679_n.jpg\" alt=\"\" class=\"wp-image-63444\" srcset=\"https:\/\/agendadelsur.com\/wp-content\/uploads\/2026\/04\/680289567_1431715972331940_5018438687290760679_n.jpg 500w, https:\/\/agendadelsur.com\/wp-content\/uploads\/2026\/04\/680289567_1431715972331940_5018438687290760679_n-240x300.jpg 240w\" sizes=\"(max-width: 500px) 100vw, 500px\" \/><\/figure><\/div>\n\n\n<p>&nbsp;PERMANENTACI\u00d3N Y ALISADO: SUM La Saladita, Morse 3500, La Saladita, Sarand\u00ed.<\/p>\n\n\n\n<p>Acercate a la sede elegida para m\u00e1s informaci\u00f3n.<\/p>\n","protected":false},"excerpt":{"rendered":"<p>El Instituto Provincial de Formaci\u00f3n Laboral y el Municipio de Avellaneda brindan cursos gratuitos de formaci\u00f3n laboral. MONTADOR ELECTRICISTA DOMICILIARIO: Centro Cultural Los Monoblocks, en N\u00fa\u00f1ez y Pje. C\u00e9spedes, Dock Sud. PELUQUERO\/A: SUM Saladita Norte, en Morse y Ocanto, Saladita Norte, Sarand\u00ed. MOZO B\u00c1SICO: Centro de Inclusi\u00f3n de Personas con Discapacidad, en Alem 1273, Dock [&hellip;]<\/p>\n","protected":false},"author":2,"featured_media":63441,"comment_status":"closed","ping_status":"open","sticky":false,"template":"","format":"standard","meta":{"footnotes":""},"categories":[4],"tags":[17780],"_links":{"self":[{"href":"https:\/\/agendadelsur.com\/index.php\/wp-json\/wp\/v2\/posts\/63440"}],"collection":[{"href":"https:\/\/agendadelsur.com\/index.php\/wp-json\/wp\/v2\/posts"}],"about":[{"href":"https:\/\/agendadelsur.com\/index.php\/wp-json\/wp\/v2\/types\/post"}],"author":[{"embeddable":true,"href":"https:\/\/agendadelsur.com\/index.php\/wp-json\/wp\/v2\/users\/2"}],"replies":[{"embeddable":true,"href":"https:\/\/agendadelsur.com\/index.php\/wp-json\/wp\/v2\/comments?post=63440"}],"version-history":[{"count":1,"href":"https:\/\/agendadelsur.com\/index.php\/wp-json\/wp\/v2\/posts\/63440\/revisions"}],"predecessor-version":[{"id":63445,"href":"https:\/\/agendadelsur.com\/index.php\/wp-json\/wp\/v2\/posts\/63440\/revisions\/63445"}],"wp:featuredmedia":[{"embeddable":true,"href":"https:\/\/agendadelsur.com\/index.php\/wp-json\/wp\/v2\/media\/63441"}],"wp:attachment":[{"href":"https:\/\/agendadelsur.com\/index.php\/wp-json\/wp\/v2\/media?parent=63440"}],"wp:term":[{"taxonomy":"category","embeddable":true,"href":"https:\/\/agendadelsur.com\/index.php\/wp-json\/wp\/v2\/categories?post=63440"},{"taxonomy":"post_tag","embeddable":true,"href":"https:\/\/agendadelsur.com\/index.php\/wp-json\/wp\/v2\/tags?post=63440"}],"curies":[{"name":"wp","href":"https:\/\/api.w.org\/{rel}","templated":true}]}}