{"id":63482,"date":"2026-04-26T01:19:02","date_gmt":"2026-04-26T04:19:02","guid":{"rendered":"https:\/\/agendadelsur.com\/?p=63482"},"modified":"2026-04-26T01:19:03","modified_gmt":"2026-04-26T04:19:03","slug":"plan-condor-y-la-dictadura-argentina","status":"publish","type":"post","link":"https:\/\/agendadelsur.com\/index.php\/2026\/04\/26\/plan-condor-y-la-dictadura-argentina\/","title":{"rendered":"&#8220;Plan C\u00f3ndor y la dictadura argentina&#8221;"},"content":{"rendered":"\n<h6 class=\"wp-block-heading\">Rafael Michelini, dirigente uruguayo del Frente Amplio e hijo de Zelmar Michelini -hist\u00f3rico referente detenido y asesinado por la dictadura argentina, particip\u00f3 de la Charla Magistral que se brid\u00f3 este s\u00e1bado en el Espacio para la Memoria ex CCDTyE &#8220;El Infierno&#8221; de Avellaneda.<\/h6>\n\n\n<div class=\"wp-block-image\">\n<figure class=\"aligncenter size-full is-resized\"><img loading=\"lazy\" decoding=\"async\" width=\"500\" height=\"333\" src=\"https:\/\/agendadelsur.com\/wp-content\/uploads\/2026\/04\/1-10.jpg\" alt=\"\" class=\"wp-image-63484\" style=\"width:560px;height:auto\" srcset=\"https:\/\/agendadelsur.com\/wp-content\/uploads\/2026\/04\/1-10.jpg 500w, https:\/\/agendadelsur.com\/wp-content\/uploads\/2026\/04\/1-10-300x200.jpg 300w\" sizes=\"(max-width: 500px) 100vw, 500px\" \/><\/figure><\/div>\n\n\n<p>En el encuentro se debati\u00f3 sobre el plan de exterminio en toda latinoam\u00e9rica y se reafirm\u00f3 el compromiso con la Memoria, la Verdad y la Justicia, en la Patria Grande. Terrorismo de Estado: Nunca M\u00e1s.<\/p>\n\n\n\n<figure class=\"wp-block-gallery has-nested-images columns-default is-cropped wp-block-gallery-1 is-layout-flex wp-block-gallery-is-layout-flex\">\n<figure class=\"wp-block-image size-large\"><img loading=\"lazy\" decoding=\"async\" width=\"500\" height=\"333\" data-id=\"63486\" src=\"https:\/\/agendadelsur.com\/wp-content\/uploads\/2026\/04\/6-3.jpg\" alt=\"\" class=\"wp-image-63486\" srcset=\"https:\/\/agendadelsur.com\/wp-content\/uploads\/2026\/04\/6-3.jpg 500w, https:\/\/agendadelsur.com\/wp-content\/uploads\/2026\/04\/6-3-300x200.jpg 300w\" sizes=\"(max-width: 500px) 100vw, 500px\" \/><\/figure>\n\n\n\n<figure class=\"wp-block-image size-large\"><img loading=\"lazy\" decoding=\"async\" width=\"500\" height=\"333\" data-id=\"63485\" src=\"https:\/\/agendadelsur.com\/wp-content\/uploads\/2026\/04\/2-12.jpg\" alt=\"\" class=\"wp-image-63485\" srcset=\"https:\/\/agendadelsur.com\/wp-content\/uploads\/2026\/04\/2-12.jpg 500w, https:\/\/agendadelsur.com\/wp-content\/uploads\/2026\/04\/2-12-300x200.jpg 300w\" sizes=\"(max-width: 500px) 100vw, 500px\" \/><\/figure>\n<\/figure>\n\n\n\n<p>El Intendente Jorge Ferraresi encabez\u00f3 la reuni\u00f3n junto a Claudio Yacoy, V\u00edctor Hugo Morales, referentes, militantes, vecinos y vecinas.<\/p>\n\n\n<div class=\"wp-block-image\">\n<figure class=\"aligncenter size-full is-resized\"><img loading=\"lazy\" decoding=\"async\" width=\"300\" height=\"300\" src=\"https:\/\/agendadelsur.com\/wp-content\/uploads\/2026\/04\/1.-aviso-2024-300300-Agenda-del-sur-web_Mesa-de-trabajo-1-2.jpg\" alt=\"\" class=\"wp-image-63349\" style=\"width:504px;height:auto\" srcset=\"https:\/\/agendadelsur.com\/wp-content\/uploads\/2026\/04\/1.-aviso-2024-300300-Agenda-del-sur-web_Mesa-de-trabajo-1-2.jpg 300w, https:\/\/agendadelsur.com\/wp-content\/uploads\/2026\/04\/1.-aviso-2024-300300-Agenda-del-sur-web_Mesa-de-trabajo-1-2-150x150.jpg 150w\" sizes=\"(max-width: 300px) 100vw, 300px\" \/><\/figure><\/div>","protected":false},"excerpt":{"rendered":"<p>Rafael Michelini, dirigente uruguayo del Frente Amplio e hijo de Zelmar Michelini -hist\u00f3rico referente detenido y asesinado por la dictadura argentina, particip\u00f3 de la Charla Magistral que se brid\u00f3 este s\u00e1bado en el Espacio para la Memoria ex CCDTyE &#8220;El Infierno&#8221; de Avellaneda. En el encuentro se debati\u00f3 sobre el plan de exterminio en toda [&hellip;]<\/p>\n","protected":false},"author":2,"featured_media":63483,"comment_status":"closed","ping_status":"open","sticky":false,"template":"","format":"standard","meta":{"footnotes":""},"categories":[1],"tags":[17786,17785,17787,17788,17789],"_links":{"self":[{"href":"https:\/\/agendadelsur.com\/index.php\/wp-json\/wp\/v2\/posts\/63482"}],"collection":[{"href":"https:\/\/agendadelsur.com\/index.php\/wp-json\/wp\/v2\/posts"}],"about":[{"href":"https:\/\/agendadelsur.com\/index.php\/wp-json\/wp\/v2\/types\/post"}],"author":[{"embeddable":true,"href":"https:\/\/agendadelsur.com\/index.php\/wp-json\/wp\/v2\/users\/2"}],"replies":[{"embeddable":true,"href":"https:\/\/agendadelsur.com\/index.php\/wp-json\/wp\/v2\/comments?post=63482"}],"version-history":[{"count":1,"href":"https:\/\/agendadelsur.com\/index.php\/wp-json\/wp\/v2\/posts\/63482\/revisions"}],"predecessor-version":[{"id":63487,"href":"https:\/\/agendadelsur.com\/index.php\/wp-json\/wp\/v2\/posts\/63482\/revisions\/63487"}],"wp:featuredmedia":[{"embeddable":true,"href":"https:\/\/agendadelsur.com\/index.php\/wp-json\/wp\/v2\/media\/63483"}],"wp:attachment":[{"href":"https:\/\/agendadelsur.com\/index.php\/wp-json\/wp\/v2\/media?parent=63482"}],"wp:term":[{"taxonomy":"category","embeddable":true,"href":"https:\/\/agendadelsur.com\/index.php\/wp-json\/wp\/v2\/categories?post=63482"},{"taxonomy":"post_tag","embeddable":true,"href":"https:\/\/agendadelsur.com\/index.php\/wp-json\/wp\/v2\/tags?post=63482"}],"curies":[{"name":"wp","href":"https:\/\/api.w.org\/{rel}","templated":true}]}}