{"id":63488,"date":"2026-04-26T19:47:08","date_gmt":"2026-04-26T22:47:08","guid":{"rendered":"https:\/\/agendadelsur.com\/?p=63488"},"modified":"2026-04-26T19:47:09","modified_gmt":"2026-04-26T22:47:09","slug":"fallecio-adolfo-aristarain-fue-el-realizador-de-enormes-obras-del-cine-argentino","status":"publish","type":"post","link":"https:\/\/agendadelsur.com\/index.php\/2026\/04\/26\/fallecio-adolfo-aristarain-fue-el-realizador-de-enormes-obras-del-cine-argentino\/","title":{"rendered":"Falleci\u00f3 Adolfo Aristarain. Fue el realizador de enormes obras del cine argentino."},"content":{"rendered":"\n<h6 class=\"wp-block-heading\">Aristarain muri\u00f3 este domingo en Buenos Aires a los 82 a\u00f1os. Su legado art\u00edstico es un enorme aporte a la cultura nacional. Tres emblem\u00e1ticas pel\u00edculas forman parte de ese legado.<\/h6>\n\n\n<div class=\"wp-block-image\">\n<figure class=\"aligncenter size-full is-resized\"><img loading=\"lazy\" decoding=\"async\" width=\"500\" height=\"296\" src=\"https:\/\/agendadelsur.com\/wp-content\/uploads\/2026\/04\/2-13.jpg\" alt=\"\" class=\"wp-image-63490\" style=\"width:632px;height:auto\" srcset=\"https:\/\/agendadelsur.com\/wp-content\/uploads\/2026\/04\/2-13.jpg 500w, https:\/\/agendadelsur.com\/wp-content\/uploads\/2026\/04\/2-13-300x178.jpg 300w\" sizes=\"(max-width: 500px) 100vw, 500px\" \/><\/figure><\/div>\n\n\n<p><strong>Tiempo de revancha:<\/strong> denuncia social en plena dictadura.<\/p>\n\n\n\n<p><strong>Un lugar en el mundo: <\/strong>una reflexi\u00f3n sobre la utop\u00eda, la educaci\u00f3n y la vida rural.<\/p>\n\n\n\n<p><strong>Mart\u00edn (Hache):<\/strong> un retrato generacional entre Argentina y Espa\u00f1a. Se convirti\u00f3 en una pel\u00edcula de culto. Sus di\u00e1logos y su mirada sobre la identidad, el exilio y las relaciones personales siguen vigentes d\u00e9cadas despu\u00e9s.<\/p>\n\n\n\n<p>Por su rica y amplia obra en 2024 recibi\u00f3 la Medalla de Oro de la Academia de cine espa\u00f1ola.<\/p>\n\n\n\n<figure class=\"wp-block-embed is-type-video is-provider-youtube wp-block-embed-youtube wp-embed-aspect-16-9 wp-has-aspect-ratio\"><div class=\"wp-block-embed__wrapper\">\n<div class=\"epyt-video-wrapper\"><iframe loading=\"lazy\"  id=\"_ytid_84716\"  width=\"640\" height=\"360\"  data-origwidth=\"640\" data-origheight=\"360\" src=\"https:\/\/www.youtube.com\/embed\/esCjITwnbdU?enablejsapi=1&#038;autoplay=0&#038;cc_load_policy=0&#038;cc_lang_pref=&#038;iv_load_policy=1&#038;loop=0&#038;rel=1&#038;fs=1&#038;playsinline=0&#038;autohide=2&#038;theme=dark&#038;color=red&#038;controls=1&#038;disablekb=0&#038;\" class=\"__youtube_prefs__  epyt-is-override  no-lazyload\" title=\"YouTube player\"  allow=\"fullscreen; accelerometer; autoplay; clipboard-write; encrypted-media; gyroscope; picture-in-picture; web-share\" referrerpolicy=\"strict-origin-when-cross-origin\" allowfullscreen data-no-lazy=\"1\" data-skipgform_ajax_framebjll=\"\"><\/iframe><\/div>\n<\/div><\/figure>\n\n\n<div class=\"wp-block-image\">\n<figure class=\"aligncenter size-full is-resized\"><img loading=\"lazy\" decoding=\"async\" width=\"300\" height=\"300\" src=\"https:\/\/agendadelsur.com\/wp-content\/uploads\/2026\/04\/agenda-del-sur.png\" alt=\"\" class=\"wp-image-63387\" style=\"width:572px;height:auto\" srcset=\"https:\/\/agendadelsur.com\/wp-content\/uploads\/2026\/04\/agenda-del-sur.png 300w, https:\/\/agendadelsur.com\/wp-content\/uploads\/2026\/04\/agenda-del-sur-150x150.png 150w\" sizes=\"(max-width: 300px) 100vw, 300px\" \/><\/figure><\/div>","protected":false},"excerpt":{"rendered":"<p>Aristarain muri\u00f3 este domingo en Buenos Aires a los 82 a\u00f1os. Su legado art\u00edstico es un enorme aporte a la cultura nacional. Tres emblem\u00e1ticas pel\u00edculas forman parte de ese legado. Tiempo de revancha: denuncia social en plena dictadura. Un lugar en el mundo: una reflexi\u00f3n sobre la utop\u00eda, la educaci\u00f3n y la vida rural. Mart\u00edn [&hellip;]<\/p>\n","protected":false},"author":2,"featured_media":63489,"comment_status":"closed","ping_status":"open","sticky":false,"template":"","format":"standard","meta":{"footnotes":""},"categories":[9],"tags":[9671,17790],"_links":{"self":[{"href":"https:\/\/agendadelsur.com\/index.php\/wp-json\/wp\/v2\/posts\/63488"}],"collection":[{"href":"https:\/\/agendadelsur.com\/index.php\/wp-json\/wp\/v2\/posts"}],"about":[{"href":"https:\/\/agendadelsur.com\/index.php\/wp-json\/wp\/v2\/types\/post"}],"author":[{"embeddable":true,"href":"https:\/\/agendadelsur.com\/index.php\/wp-json\/wp\/v2\/users\/2"}],"replies":[{"embeddable":true,"href":"https:\/\/agendadelsur.com\/index.php\/wp-json\/wp\/v2\/comments?post=63488"}],"version-history":[{"count":1,"href":"https:\/\/agendadelsur.com\/index.php\/wp-json\/wp\/v2\/posts\/63488\/revisions"}],"predecessor-version":[{"id":63491,"href":"https:\/\/agendadelsur.com\/index.php\/wp-json\/wp\/v2\/posts\/63488\/revisions\/63491"}],"wp:featuredmedia":[{"embeddable":true,"href":"https:\/\/agendadelsur.com\/index.php\/wp-json\/wp\/v2\/media\/63489"}],"wp:attachment":[{"href":"https:\/\/agendadelsur.com\/index.php\/wp-json\/wp\/v2\/media?parent=63488"}],"wp:term":[{"taxonomy":"category","embeddable":true,"href":"https:\/\/agendadelsur.com\/index.php\/wp-json\/wp\/v2\/categories?post=63488"},{"taxonomy":"post_tag","embeddable":true,"href":"https:\/\/agendadelsur.com\/index.php\/wp-json\/wp\/v2\/tags?post=63488"}],"curies":[{"name":"wp","href":"https:\/\/api.w.org\/{rel}","templated":true}]}}