{"id":63492,"date":"2026-04-27T00:44:43","date_gmt":"2026-04-27T03:44:43","guid":{"rendered":"https:\/\/agendadelsur.com\/?p=63492"},"modified":"2026-04-27T00:44:44","modified_gmt":"2026-04-27T03:44:44","slug":"contra-el-genocidio-la-flotilla-global-sumud-zarpo-hacia-gaza","status":"publish","type":"post","link":"https:\/\/agendadelsur.com\/index.php\/2026\/04\/27\/contra-el-genocidio-la-flotilla-global-sumud-zarpo-hacia-gaza\/","title":{"rendered":"Contra el genocidio. La flotilla Global Sumud zarp\u00f3 hacia Gaza."},"content":{"rendered":"\n<h6 class=\"wp-block-heading\">Las y los activistas llevan ayuda humanitaria, alimentos, medicamentos y art\u00edculos de primera necesidad, para las v\u00edctimas del genocidio, que se encuentran frente a un Sistema de salud completamente devastado. Este domingo 26 de abril la Flotilla Global Sumud volvi\u00f3 a zarpar con destino a Gaza, luego de su parada en Sicilia, Italia.<\/h6>\n\n\n<div class=\"wp-block-image\">\n<figure class=\"aligncenter size-full\"><img loading=\"lazy\" decoding=\"async\" width=\"650\" height=\"440\" src=\"https:\/\/agendadelsur.com\/wp-content\/uploads\/2026\/04\/3-9.jpg\" alt=\"\" class=\"wp-image-63493\" srcset=\"https:\/\/agendadelsur.com\/wp-content\/uploads\/2026\/04\/3-9.jpg 650w, https:\/\/agendadelsur.com\/wp-content\/uploads\/2026\/04\/3-9-300x203.jpg 300w\" sizes=\"(max-width: 650px) 100vw, 650px\" \/><\/figure><\/div>\n\n\n<p>Esto es responsabilidad tanto del gobierno del Estado de Israel como de los gobiernos c\u00f3mplices con el genocidio, como el argentino Javier Milei, que viaj\u00f3 recientemente para visitar al primer ministro israel\u00ed y reforzar su apoyo al genocidio.<\/p>\n\n\n\n<p>Te puede interesar: Milei visita Israel en medio de la guerra imperialista y se muestra como un fan\u00e1tico religioso<\/p>\n\n\n\n<p>Iara Salerno, m\u00e9dica del PTS y parte de la delegaci\u00f3n de la CRT (Corriente Revoluci\u00f3n Permanente) que viaja en la Flotilla, destac\u00f3 que adem\u00e1s de llevar solidaridad, tienen el rol de alentar el surgimiento de las movilizaciones contra del genocidio, como fueron las enormes movilizaciones en Italia, las tomas de universidades, los bloqueos de caminos y de puertos, y las multitudinarias manifestaciones que se dieron en otras ciudades del mundo.<\/p>\n\n\n\n<p>La Flotilla lleva la solidaridad internacional que se expres\u00f3 en las calles de todo el mundo en los \u00faltimos meses, y un objetivo claro: que los ojos del mundo vuelvan a posarse sobre el genocidio que lleva adelante el Estado de Israel contra el pueblo palestino.<\/p>\n\n\n\n<p>Esta nueva misi\u00f3n de la Flotilla Global Sumud se produce en un contexto de guerra imperialista contra Ir\u00e1n, con crecientes tensiones en Medio Oriente, las ofensivas del gobierno de Benjamin Netanyahu en el sur del L\u00edbano, la continua masacre del pueblo palestino en Gaza y el avance de los colonos israel\u00edes y bombardeos en Cisjordania que contin\u00faan a pesar del supuesto \u201calto al fuego\u201d.<\/p>\n\n\n\n<p>La organizaci\u00f3n internacional Corriente Revoluci\u00f3n Permanente participa de la Flotilla Global Sumud a trav\u00e9s de Iara Salerno, m\u00e9dica ginec\u00f3loga, fundadora de la Posta de Salud y Cuidados, miembro del Consejo Directivo Provincial de CICOP y militante del PTS de Argentina, que pone su profesi\u00f3n al servicio de las necesidades del pueblo palestino. Tambien estar\u00e1 Leandro Lanfredi, trabajador petrolero, director de Sindipetro [R\u00edo de Janeiro] y de la Federaci\u00f3n Nacional de Trabajadores del Petr\u00f3leo (FNP) y militante del MRT de Brasil, impulsor de la campa\u00f1a &#8220;Ni una sola gota de petr\u00f3leo brasile\u00f1o para el genocidio&#8221; y Mariona Tasquer, joven estudiante de la Universidad de Barcelona y militante de la CRT en el Estado Espa\u00f1ol parte del movimiento estudiantil que ocup\u00f3 las universidades de todo el mundo contra el genocidio y en apoyo al pueblo palestino.<\/p>\n\n\n\n<p>La participaci\u00f3n de la Corriente Revoluci\u00f3n Permanente es parte el rol que venimos teniendo como organizaci\u00f3n internacional en cada uno de los pa\u00edses donde estamos, impulsando la lucha contra el genocidio y en solidaridad con el pueblo palestino. Pero tambi\u00e9n en el camino de la construcci\u00f3n de una organizaci\u00f3n internacional revolucionaria de las y los trabajadores que se plantea enfrentar al imperialismo y este sistema capitalista que engendra este tipo de barbaries, en la perspectiva del socialismo revolucionario desde abajo para terminar en todo el mundo con todo tipo de explotaci\u00f3n y opresi\u00f3n.<\/p>\n\n\n\n<p>Fuente: La Izquierda Diario<\/p>\n\n\n<div class=\"wp-block-image\">\n<figure class=\"aligncenter size-full is-resized\"><img loading=\"lazy\" decoding=\"async\" width=\"300\" height=\"300\" src=\"https:\/\/agendadelsur.com\/wp-content\/uploads\/2026\/04\/1.-aviso-2024-300300-Agenda-del-sur-web_Mesa-de-trabajo-1-2.jpg\" alt=\"\" class=\"wp-image-63349\" style=\"width:468px;height:auto\" srcset=\"https:\/\/agendadelsur.com\/wp-content\/uploads\/2026\/04\/1.-aviso-2024-300300-Agenda-del-sur-web_Mesa-de-trabajo-1-2.jpg 300w, https:\/\/agendadelsur.com\/wp-content\/uploads\/2026\/04\/1.-aviso-2024-300300-Agenda-del-sur-web_Mesa-de-trabajo-1-2-150x150.jpg 150w\" sizes=\"(max-width: 300px) 100vw, 300px\" \/><\/figure><\/div>","protected":false},"excerpt":{"rendered":"<p>Las y los activistas llevan ayuda humanitaria, alimentos, medicamentos y art\u00edculos de primera necesidad, para las v\u00edctimas del genocidio, que se encuentran frente a un Sistema de salud completamente devastado. Este domingo 26 de abril la Flotilla Global Sumud volvi\u00f3 a zarpar con destino a Gaza, luego de su parada en Sicilia, Italia. Esto es [&hellip;]<\/p>\n","protected":false},"author":2,"featured_media":63493,"comment_status":"closed","ping_status":"open","sticky":false,"template":"","format":"standard","meta":{"footnotes":""},"categories":[576],"tags":[16796,17791],"_links":{"self":[{"href":"https:\/\/agendadelsur.com\/index.php\/wp-json\/wp\/v2\/posts\/63492"}],"collection":[{"href":"https:\/\/agendadelsur.com\/index.php\/wp-json\/wp\/v2\/posts"}],"about":[{"href":"https:\/\/agendadelsur.com\/index.php\/wp-json\/wp\/v2\/types\/post"}],"author":[{"embeddable":true,"href":"https:\/\/agendadelsur.com\/index.php\/wp-json\/wp\/v2\/users\/2"}],"replies":[{"embeddable":true,"href":"https:\/\/agendadelsur.com\/index.php\/wp-json\/wp\/v2\/comments?post=63492"}],"version-history":[{"count":1,"href":"https:\/\/agendadelsur.com\/index.php\/wp-json\/wp\/v2\/posts\/63492\/revisions"}],"predecessor-version":[{"id":63494,"href":"https:\/\/agendadelsur.com\/index.php\/wp-json\/wp\/v2\/posts\/63492\/revisions\/63494"}],"wp:featuredmedia":[{"embeddable":true,"href":"https:\/\/agendadelsur.com\/index.php\/wp-json\/wp\/v2\/media\/63493"}],"wp:attachment":[{"href":"https:\/\/agendadelsur.com\/index.php\/wp-json\/wp\/v2\/media?parent=63492"}],"wp:term":[{"taxonomy":"category","embeddable":true,"href":"https:\/\/agendadelsur.com\/index.php\/wp-json\/wp\/v2\/categories?post=63492"},{"taxonomy":"post_tag","embeddable":true,"href":"https:\/\/agendadelsur.com\/index.php\/wp-json\/wp\/v2\/tags?post=63492"}],"curies":[{"name":"wp","href":"https:\/\/api.w.org\/{rel}","templated":true}]}}