{"id":63496,"date":"2026-04-27T14:17:05","date_gmt":"2026-04-27T17:17:05","guid":{"rendered":"https:\/\/agendadelsur.com\/?p=63496"},"modified":"2026-04-27T14:17:06","modified_gmt":"2026-04-27T17:17:06","slug":"nuevo-curso-de-cosmetologia-en-la-utn-avellaneda","status":"publish","type":"post","link":"https:\/\/agendadelsur.com\/index.php\/2026\/04\/27\/nuevo-curso-de-cosmetologia-en-la-utn-avellaneda\/","title":{"rendered":"Nuevo curso de cosmetolog\u00eda en la UTN Avellaneda"},"content":{"rendered":"\n<h6 class=\"wp-block-heading\">Con la propuesta de ense\u00f1ar t\u00e9cnicas para el cuidado y la salud de la piel, la UTN Avellaneda, desde la Secretar\u00eda de Cultura y Extensi\u00f3n Universitaria, abre la inscripci\u00f3n a una nueva capacitaci\u00f3n: Cosmetolog\u00eda, nivel b\u00e1sico.Comienza el 11 de mayo.<\/h6>\n\n\n<div class=\"wp-block-image\">\n<figure class=\"aligncenter size-full is-resized\"><img loading=\"lazy\" decoding=\"async\" width=\"620\" height=\"440\" src=\"https:\/\/agendadelsur.com\/wp-content\/uploads\/2026\/04\/I-UTN.png\" alt=\"\" class=\"wp-image-63497\" style=\"width:446px;height:auto\" srcset=\"https:\/\/agendadelsur.com\/wp-content\/uploads\/2026\/04\/I-UTN.png 620w, https:\/\/agendadelsur.com\/wp-content\/uploads\/2026\/04\/I-UTN-300x213.png 300w\" sizes=\"(max-width: 620px) 100vw, 620px\" \/><\/figure><\/div>\n\n\n<p>La cursada comenzar\u00e1 el 11 de mayo, con clases los lunes de 10 a 13 h, durante tres meses, en modalidad presencial. Entre los temas por abordar se trabajar\u00e1 sobre fisiolog\u00eda de la piel, protocolos de cosmetolog\u00eda, t\u00e9cnicas de masaje facial y aparatolog\u00eda.<\/p>\n\n\n\n<p>Por m\u00e1s informaci\u00f3n e inscripciones ingresar en&nbsp;<a href=\"https:\/\/extensionfra.com.ar\/courses\/cosmetologia-nivel-basico\/\" target=\"_blank\" rel=\"noreferrer noopener\">https:\/\/extensionfra.com.ar\/courses\/cosmetologia-nivel-basico\/<\/a>&nbsp;o comunicarse al WhatsApp 1135012026, al 4201-7211, por mail a&nbsp;<a href=\"mailto:extension@fra.utn.edu.ar\" target=\"_blank\" rel=\"noreferrer noopener\">extension@fra.utn.edu.ar<\/a>&nbsp;o al Instagram @extension.utnavellaneda<\/p>\n\n\n\n<p>Fuente: Prensa y Difusi\u00f3n UTN Avellaneda<\/p>\n\n\n<div class=\"wp-block-image\">\n<figure class=\"aligncenter size-full is-resized\"><img loading=\"lazy\" decoding=\"async\" width=\"270\" height=\"250\" src=\"https:\/\/agendadelsur.com\/wp-content\/uploads\/2026\/04\/COSMETOLOGA-AAA.jpg\" alt=\"\" class=\"wp-image-63115\" style=\"width:432px;height:auto\"\/><figcaption class=\"wp-element-caption\">Post de Instagram Spa Skin Care Minimalista Moderno Rosa Blanco &#8211; 1<\/figcaption><\/figure><\/div>","protected":false},"excerpt":{"rendered":"<p>Con la propuesta de ense\u00f1ar t\u00e9cnicas para el cuidado y la salud de la piel, la UTN Avellaneda, desde la Secretar\u00eda de Cultura y Extensi\u00f3n Universitaria, abre la inscripci\u00f3n a una nueva capacitaci\u00f3n: Cosmetolog\u00eda, nivel b\u00e1sico.Comienza el 11 de mayo. La cursada comenzar\u00e1 el 11 de mayo, con clases los lunes de 10 a 13 [&hellip;]<\/p>\n","protected":false},"author":2,"featured_media":63497,"comment_status":"closed","ping_status":"open","sticky":false,"template":"","format":"standard","meta":{"footnotes":""},"categories":[4],"tags":[17794,17793,17792,132,661],"_links":{"self":[{"href":"https:\/\/agendadelsur.com\/index.php\/wp-json\/wp\/v2\/posts\/63496"}],"collection":[{"href":"https:\/\/agendadelsur.com\/index.php\/wp-json\/wp\/v2\/posts"}],"about":[{"href":"https:\/\/agendadelsur.com\/index.php\/wp-json\/wp\/v2\/types\/post"}],"author":[{"embeddable":true,"href":"https:\/\/agendadelsur.com\/index.php\/wp-json\/wp\/v2\/users\/2"}],"replies":[{"embeddable":true,"href":"https:\/\/agendadelsur.com\/index.php\/wp-json\/wp\/v2\/comments?post=63496"}],"version-history":[{"count":1,"href":"https:\/\/agendadelsur.com\/index.php\/wp-json\/wp\/v2\/posts\/63496\/revisions"}],"predecessor-version":[{"id":63498,"href":"https:\/\/agendadelsur.com\/index.php\/wp-json\/wp\/v2\/posts\/63496\/revisions\/63498"}],"wp:featuredmedia":[{"embeddable":true,"href":"https:\/\/agendadelsur.com\/index.php\/wp-json\/wp\/v2\/media\/63497"}],"wp:attachment":[{"href":"https:\/\/agendadelsur.com\/index.php\/wp-json\/wp\/v2\/media?parent=63496"}],"wp:term":[{"taxonomy":"category","embeddable":true,"href":"https:\/\/agendadelsur.com\/index.php\/wp-json\/wp\/v2\/categories?post=63496"},{"taxonomy":"post_tag","embeddable":true,"href":"https:\/\/agendadelsur.com\/index.php\/wp-json\/wp\/v2\/tags?post=63496"}],"curies":[{"name":"wp","href":"https:\/\/api.w.org\/{rel}","templated":true}]}}