{"id":63499,"date":"2026-04-27T14:26:58","date_gmt":"2026-04-27T17:26:58","guid":{"rendered":"https:\/\/agendadelsur.com\/?p=63499"},"modified":"2026-04-27T14:26:58","modified_gmt":"2026-04-27T17:26:58","slug":"la-liga-deportiva-de-avellaneda-ya-tiene-su-sede-en-el-parque-del-futbol-2","status":"publish","type":"post","link":"https:\/\/agendadelsur.com\/index.php\/2026\/04\/27\/la-liga-deportiva-de-avellaneda-ya-tiene-su-sede-en-el-parque-del-futbol-2\/","title":{"rendered":"La Liga Deportiva de Avellaneda ya tiene su Sede en El Parque del F\u00fatbol"},"content":{"rendered":"\n<h6 class=\"wp-block-heading\">El nuevo espacio servir\u00e1 para el funcionamiento administrativo, organizativo y de coordinaci\u00f3n de actividades deportivas. El intendente Jorge Ferraresi, la jefa de Gabinete Magdalena Sierra y el ministro de Desarrollo de la Comunidad bonaerense, Andr\u00e9s Larroque, visitaron la flamante sede de la Liga Deportiva de Avellaneda.<\/h6>\n\n\n<div class=\"wp-block-image\">\n<figure class=\"aligncenter size-full is-resized\"><img loading=\"lazy\" decoding=\"async\" width=\"500\" height=\"311\" src=\"https:\/\/agendadelsur.com\/wp-content\/uploads\/2026\/04\/10-1.jpg\" alt=\"\" class=\"wp-image-63501\" style=\"width:574px;height:auto\" srcset=\"https:\/\/agendadelsur.com\/wp-content\/uploads\/2026\/04\/10-1.jpg 500w, https:\/\/agendadelsur.com\/wp-content\/uploads\/2026\/04\/10-1-300x187.jpg 300w\" sizes=\"(max-width: 500px) 100vw, 500px\" \/><\/figure><\/div>\n\n\n<p>Durante el recorrido, Ferraresi explic\u00f3: \u201cTenemos ligas de diferentes deportes, no solo f\u00fatbol, esa es nuestra mirada de integrar\u201d. Y sum\u00f3: \u201cEmpezamos con deporte social, luego pasamos a deporte competitivo\u201d.<\/p>\n\n\n\n<p>En ese sentido, destac\u00f3: \u201cLa pol\u00edtica de seguridad que hacemos son casi 50 mil pibes en los clubes y eso nos permite tener menos pibes en las calles\u201d. Asimismo, se\u00f1al\u00f3 la importancia de un Estado eficaz, que articule con los clubes para brindarles soluciones.<\/p>\n\n\n\n<figure class=\"wp-block-gallery has-nested-images columns-default is-cropped wp-block-gallery-1 is-layout-flex wp-block-gallery-is-layout-flex\">\n<figure class=\"wp-block-image size-full\"><img loading=\"lazy\" decoding=\"async\" width=\"500\" height=\"311\" data-id=\"63505\" src=\"https:\/\/agendadelsur.com\/wp-content\/uploads\/2026\/04\/12.jpg\" alt=\"\" class=\"wp-image-63505\" srcset=\"https:\/\/agendadelsur.com\/wp-content\/uploads\/2026\/04\/12.jpg 500w, https:\/\/agendadelsur.com\/wp-content\/uploads\/2026\/04\/12-300x187.jpg 300w\" sizes=\"(max-width: 500px) 100vw, 500px\" \/><\/figure>\n\n\n\n<figure class=\"wp-block-image size-large\"><img loading=\"lazy\" decoding=\"async\" width=\"500\" height=\"309\" data-id=\"63503\" src=\"https:\/\/agendadelsur.com\/wp-content\/uploads\/2026\/04\/3-10.jpg\" alt=\"\" class=\"wp-image-63503\" srcset=\"https:\/\/agendadelsur.com\/wp-content\/uploads\/2026\/04\/3-10.jpg 500w, https:\/\/agendadelsur.com\/wp-content\/uploads\/2026\/04\/3-10-300x185.jpg 300w\" sizes=\"(max-width: 500px) 100vw, 500px\" \/><\/figure>\n<\/figure>\n\n\n\n<p>Luego, junto al presidente de la Liga, Gonzalo Arriola, las autoridades recorrieron la sede que cuenta con sectores de atenci\u00f3n al p\u00fablico, \u00e1reas administrativas y espacios de uso interno. Tambi\u00e9n recepci\u00f3n, sala de espera, oficinas, salas de reuniones y un auditorio para capacitaciones, charlas, presentaciones institucionales y actividades vinculadas al desarrollo deportivo. Adem\u00e1s de sanitarios y \u00e1reas de servicio.<\/p>\n\n\n\n<p>Por otro lado, se firm\u00f3 un Acta de Intenci\u00f3n de Financiamiento para materializar obras de infraestructura que mejoren el h\u00e1bitat urbano en Avellaneda.<\/p>\n\n\n<div class=\"wp-block-image\">\n<figure class=\"aligncenter size-full is-resized\"><img loading=\"lazy\" decoding=\"async\" width=\"300\" height=\"300\" src=\"https:\/\/agendadelsur.com\/wp-content\/uploads\/2026\/04\/TOTAL-2-1.jpg\" alt=\"\" class=\"wp-image-63359\" style=\"width:500px;height:auto\" srcset=\"https:\/\/agendadelsur.com\/wp-content\/uploads\/2026\/04\/TOTAL-2-1.jpg 300w, https:\/\/agendadelsur.com\/wp-content\/uploads\/2026\/04\/TOTAL-2-1-150x150.jpg 150w\" sizes=\"(max-width: 300px) 100vw, 300px\" \/><\/figure><\/div>","protected":false},"excerpt":{"rendered":"<p>El nuevo espacio servir\u00e1 para el funcionamiento administrativo, organizativo y de coordinaci\u00f3n de actividades deportivas. El intendente Jorge Ferraresi, la jefa de Gabinete Magdalena Sierra y el ministro de Desarrollo de la Comunidad bonaerense, Andr\u00e9s Larroque, visitaron la flamante sede de la Liga Deportiva de Avellaneda. Durante el recorrido, Ferraresi explic\u00f3: \u201cTenemos ligas de diferentes [&hellip;]<\/p>\n","protected":false},"author":2,"featured_media":63500,"comment_status":"closed","ping_status":"open","sticky":false,"template":"","format":"standard","meta":{"footnotes":""},"categories":[4],"tags":[17795],"_links":{"self":[{"href":"https:\/\/agendadelsur.com\/index.php\/wp-json\/wp\/v2\/posts\/63499"}],"collection":[{"href":"https:\/\/agendadelsur.com\/index.php\/wp-json\/wp\/v2\/posts"}],"about":[{"href":"https:\/\/agendadelsur.com\/index.php\/wp-json\/wp\/v2\/types\/post"}],"author":[{"embeddable":true,"href":"https:\/\/agendadelsur.com\/index.php\/wp-json\/wp\/v2\/users\/2"}],"replies":[{"embeddable":true,"href":"https:\/\/agendadelsur.com\/index.php\/wp-json\/wp\/v2\/comments?post=63499"}],"version-history":[{"count":1,"href":"https:\/\/agendadelsur.com\/index.php\/wp-json\/wp\/v2\/posts\/63499\/revisions"}],"predecessor-version":[{"id":63506,"href":"https:\/\/agendadelsur.com\/index.php\/wp-json\/wp\/v2\/posts\/63499\/revisions\/63506"}],"wp:featuredmedia":[{"embeddable":true,"href":"https:\/\/agendadelsur.com\/index.php\/wp-json\/wp\/v2\/media\/63500"}],"wp:attachment":[{"href":"https:\/\/agendadelsur.com\/index.php\/wp-json\/wp\/v2\/media?parent=63499"}],"wp:term":[{"taxonomy":"category","embeddable":true,"href":"https:\/\/agendadelsur.com\/index.php\/wp-json\/wp\/v2\/categories?post=63499"},{"taxonomy":"post_tag","embeddable":true,"href":"https:\/\/agendadelsur.com\/index.php\/wp-json\/wp\/v2\/tags?post=63499"}],"curies":[{"name":"wp","href":"https:\/\/api.w.org\/{rel}","templated":true}]}}