{"id":63507,"date":"2026-04-27T14:37:50","date_gmt":"2026-04-27T17:37:50","guid":{"rendered":"https:\/\/agendadelsur.com\/?p=63507"},"modified":"2026-04-27T14:37:51","modified_gmt":"2026-04-27T17:37:51","slug":"27-de-abril-de-1979-primera-huelga-general-contra-la-dictadura-civico-militar-eclesiastica","status":"publish","type":"post","link":"https:\/\/agendadelsur.com\/index.php\/2026\/04\/27\/27-de-abril-de-1979-primera-huelga-general-contra-la-dictadura-civico-militar-eclesiastica\/","title":{"rendered":"27 de abril de 1979: primera huelga general contra la dictadura c\u00edvico-militar-eclesi\u00e1stica"},"content":{"rendered":"\n<h6 class=\"wp-block-heading\">La primera huelga general contra la dictadura c\u00edvico-militar en Argentina ocurri\u00f3 el 27 de abril de 1979, convocada por la &#8220;Comisi\u00f3n de los 25 Gremios Peronistas&#8221;. A pesar de la fuerte represi\u00f3n, el paro logr\u00f3 paralizar entre el 70% y el 80% de las actividades en Buenos Aires, marcando un hito de resistencia liderado por figuras como Sa\u00fal Ubaldini.<\/h6>\n\n\n<div class=\"wp-block-image\">\n<figure class=\"aligncenter size-full is-resized\"><img loading=\"lazy\" decoding=\"async\" width=\"400\" height=\"248\" src=\"https:\/\/agendadelsur.com\/wp-content\/uploads\/2026\/04\/5-8.jpg\" alt=\"\" class=\"wp-image-63509\" style=\"width:474px;height:auto\" srcset=\"https:\/\/agendadelsur.com\/wp-content\/uploads\/2026\/04\/5-8.jpg 400w, https:\/\/agendadelsur.com\/wp-content\/uploads\/2026\/04\/5-8-300x186.jpg 300w\" sizes=\"(max-width: 400px) 100vw, 400px\" \/><\/figure><\/div>\n\n\n<p>Fue una respuesta directa a la pol\u00edtica econ\u00f3mica y la represi\u00f3n de la dictadura iniciada el 24 de marzo de 1976.<\/p>\n\n\n\n<p>La &#8220;Comisi\u00f3n de los 25&#8221;, un grupo de sindicatos opositores, impuls\u00f3 la medida, mientras que la dictadura detuvo a la mayor\u00eda de sus l\u00edderes el 26 de abril de 1979.<\/p>\n\n\n\n<p>El paro demostr\u00f3 la capacidad de resistencia del movimiento obrero a pesar de los desaparecidos, presos y el estado de sitio.<\/p>\n\n\n\n<p>Antecedente: Esta acci\u00f3n sent\u00f3 las bases para la posterior conformaci\u00f3n de la CGT Brasil, de tendencia combativa.<\/p>\n\n\n<div class=\"wp-block-image\">\n<figure class=\"aligncenter size-full is-resized\"><img loading=\"lazy\" decoding=\"async\" width=\"300\" height=\"300\" src=\"https:\/\/agendadelsur.com\/wp-content\/uploads\/2026\/04\/1.-aviso-2024-300300-Agenda-del-sur-web_Mesa-de-trabajo-1-2.jpg\" alt=\"\" class=\"wp-image-63349\" style=\"width:404px;height:auto\" srcset=\"https:\/\/agendadelsur.com\/wp-content\/uploads\/2026\/04\/1.-aviso-2024-300300-Agenda-del-sur-web_Mesa-de-trabajo-1-2.jpg 300w, https:\/\/agendadelsur.com\/wp-content\/uploads\/2026\/04\/1.-aviso-2024-300300-Agenda-del-sur-web_Mesa-de-trabajo-1-2-150x150.jpg 150w\" sizes=\"(max-width: 300px) 100vw, 300px\" \/><\/figure><\/div>","protected":false},"excerpt":{"rendered":"<p>La primera huelga general contra la dictadura c\u00edvico-militar en Argentina ocurri\u00f3 el 27 de abril de 1979, convocada por la &#8220;Comisi\u00f3n de los 25 Gremios Peronistas&#8221;. A pesar de la fuerte represi\u00f3n, el paro logr\u00f3 paralizar entre el 70% y el 80% de las actividades en Buenos Aires, marcando un hito de resistencia liderado por [&hellip;]<\/p>\n","protected":false},"author":2,"featured_media":63508,"comment_status":"closed","ping_status":"open","sticky":false,"template":"","format":"standard","meta":{"footnotes":""},"categories":[9],"tags":[17797,17798,17796],"_links":{"self":[{"href":"https:\/\/agendadelsur.com\/index.php\/wp-json\/wp\/v2\/posts\/63507"}],"collection":[{"href":"https:\/\/agendadelsur.com\/index.php\/wp-json\/wp\/v2\/posts"}],"about":[{"href":"https:\/\/agendadelsur.com\/index.php\/wp-json\/wp\/v2\/types\/post"}],"author":[{"embeddable":true,"href":"https:\/\/agendadelsur.com\/index.php\/wp-json\/wp\/v2\/users\/2"}],"replies":[{"embeddable":true,"href":"https:\/\/agendadelsur.com\/index.php\/wp-json\/wp\/v2\/comments?post=63507"}],"version-history":[{"count":1,"href":"https:\/\/agendadelsur.com\/index.php\/wp-json\/wp\/v2\/posts\/63507\/revisions"}],"predecessor-version":[{"id":63510,"href":"https:\/\/agendadelsur.com\/index.php\/wp-json\/wp\/v2\/posts\/63507\/revisions\/63510"}],"wp:featuredmedia":[{"embeddable":true,"href":"https:\/\/agendadelsur.com\/index.php\/wp-json\/wp\/v2\/media\/63508"}],"wp:attachment":[{"href":"https:\/\/agendadelsur.com\/index.php\/wp-json\/wp\/v2\/media?parent=63507"}],"wp:term":[{"taxonomy":"category","embeddable":true,"href":"https:\/\/agendadelsur.com\/index.php\/wp-json\/wp\/v2\/categories?post=63507"},{"taxonomy":"post_tag","embeddable":true,"href":"https:\/\/agendadelsur.com\/index.php\/wp-json\/wp\/v2\/tags?post=63507"}],"curies":[{"name":"wp","href":"https:\/\/api.w.org\/{rel}","templated":true}]}}