{"id":63522,"date":"2026-04-28T13:33:03","date_gmt":"2026-04-28T16:33:03","guid":{"rendered":"https:\/\/agendadelsur.com\/?p=63522"},"modified":"2026-04-28T13:33:05","modified_gmt":"2026-04-28T16:33:05","slug":"campana-de-salud-visual-abierta-a-toda-la-comunidad-en-la-utn-avellaneda","status":"publish","type":"post","link":"https:\/\/agendadelsur.com\/index.php\/2026\/04\/28\/campana-de-salud-visual-abierta-a-toda-la-comunidad-en-la-utn-avellaneda\/","title":{"rendered":"Campa\u00f1a de salud visual abierta a toda la comunidad en la UTN Avellaneda"},"content":{"rendered":"\n<h6 class=\"wp-block-heading\">La UTN Avellaneda, desde la Secretar\u00eda de Bienestar Universitario, realizar\u00e1 la primera campa\u00f1a de salud visual del a\u00f1o, dirigida a toda la comunidad, que estar\u00e1 a cargo de un equipo oftalmol\u00f3gico matriculado.Se realizar\u00e1 el 7 de mayo en el Campus Villa Dom\u00ednico.<\/h6>\n\n\n<div class=\"wp-block-image\">\n<figure class=\"aligncenter size-full is-resized\"><img loading=\"lazy\" decoding=\"async\" width=\"500\" height=\"500\" src=\"https:\/\/agendadelsur.com\/wp-content\/uploads\/2026\/04\/683180704_1413947660760830_670682943128416196_n.jpg\" alt=\"\" class=\"wp-image-63525\" style=\"width:422px;height:auto\" srcset=\"https:\/\/agendadelsur.com\/wp-content\/uploads\/2026\/04\/683180704_1413947660760830_670682943128416196_n.jpg 500w, https:\/\/agendadelsur.com\/wp-content\/uploads\/2026\/04\/683180704_1413947660760830_670682943128416196_n-300x300.jpg 300w, https:\/\/agendadelsur.com\/wp-content\/uploads\/2026\/04\/683180704_1413947660760830_670682943128416196_n-150x150.jpg 150w\" sizes=\"(max-width: 500px) 100vw, 500px\" \/><\/figure><\/div>\n\n\n<p>Durante la jornada&nbsp;<strong>se podr\u00e1 acceder a marcos para anteojos a precios muy econ\u00f3micos<\/strong>, en variedad de modelos y colores, y de acuerdo con cada necesidad indicada (lentes polarizados, fotocrom\u00e1ticos, antireflex, blue ray, bifocales, multifocales).<\/p>\n\n\n\n<p>La actividad tendr\u00e1 lugar el jueves 7 de mayo, de 16 a 20 h, en el pasillo de ingreso al Campus Villa Dom\u00ednico de la Facultad (av. Ram\u00f3n Franco 5050). Los cupos son limitados.<\/p>\n\n\n\n<p>Es requisito para participar de la campa\u00f1a ser mayor de seis a\u00f1os y completar el siguiente formulario:&nbsp;<a href=\"https:\/\/forms.cloud.microsoft\/r\/MGAd2WDPpF\" target=\"_blank\" rel=\"noreferrer noopener\">https:\/\/forms.cloud.microsoft\/r\/MGAd2WDPpF<\/a><\/p>\n\n\n\n<p>Fuente: Prensa y Difusi\u00f3n UTN Avellaneda<\/p>\n\n\n<div class=\"wp-block-image\">\n<figure class=\"aligncenter size-full is-resized\"><img loading=\"lazy\" decoding=\"async\" width=\"270\" height=\"250\" src=\"https:\/\/agendadelsur.com\/wp-content\/uploads\/2026\/04\/COSMETOLOGA-AAA-1.jpg\" alt=\"\" class=\"wp-image-63524\" style=\"width:430px;height:auto\"\/><figcaption class=\"wp-element-caption\">1<\/figcaption><\/figure><\/div>","protected":false},"excerpt":{"rendered":"<p>La UTN Avellaneda, desde la Secretar\u00eda de Bienestar Universitario, realizar\u00e1 la primera campa\u00f1a de salud visual del a\u00f1o, dirigida a toda la comunidad, que estar\u00e1 a cargo de un equipo oftalmol\u00f3gico matriculado.Se realizar\u00e1 el 7 de mayo en el Campus Villa Dom\u00ednico. Durante la jornada&nbsp;se podr\u00e1 acceder a marcos para anteojos a precios muy econ\u00f3micos, [&hellip;]<\/p>\n","protected":false},"author":2,"featured_media":63523,"comment_status":"closed","ping_status":"open","sticky":false,"template":"","format":"standard","meta":{"footnotes":""},"categories":[4],"tags":[17801,132,661],"_links":{"self":[{"href":"https:\/\/agendadelsur.com\/index.php\/wp-json\/wp\/v2\/posts\/63522"}],"collection":[{"href":"https:\/\/agendadelsur.com\/index.php\/wp-json\/wp\/v2\/posts"}],"about":[{"href":"https:\/\/agendadelsur.com\/index.php\/wp-json\/wp\/v2\/types\/post"}],"author":[{"embeddable":true,"href":"https:\/\/agendadelsur.com\/index.php\/wp-json\/wp\/v2\/users\/2"}],"replies":[{"embeddable":true,"href":"https:\/\/agendadelsur.com\/index.php\/wp-json\/wp\/v2\/comments?post=63522"}],"version-history":[{"count":1,"href":"https:\/\/agendadelsur.com\/index.php\/wp-json\/wp\/v2\/posts\/63522\/revisions"}],"predecessor-version":[{"id":63526,"href":"https:\/\/agendadelsur.com\/index.php\/wp-json\/wp\/v2\/posts\/63522\/revisions\/63526"}],"wp:featuredmedia":[{"embeddable":true,"href":"https:\/\/agendadelsur.com\/index.php\/wp-json\/wp\/v2\/media\/63523"}],"wp:attachment":[{"href":"https:\/\/agendadelsur.com\/index.php\/wp-json\/wp\/v2\/media?parent=63522"}],"wp:term":[{"taxonomy":"category","embeddable":true,"href":"https:\/\/agendadelsur.com\/index.php\/wp-json\/wp\/v2\/categories?post=63522"},{"taxonomy":"post_tag","embeddable":true,"href":"https:\/\/agendadelsur.com\/index.php\/wp-json\/wp\/v2\/tags?post=63522"}],"curies":[{"name":"wp","href":"https:\/\/api.w.org\/{rel}","templated":true}]}}