{"id":63527,"date":"2026-04-28T13:40:54","date_gmt":"2026-04-28T16:40:54","guid":{"rendered":"https:\/\/agendadelsur.com\/?p=63527"},"modified":"2026-04-28T13:40:55","modified_gmt":"2026-04-28T16:40:55","slug":"viajar-en-el-amba-ya-es-un-infierno-menos-colectivos-mas-espera-y-un-sistema-al-borde-de-colapso","status":"publish","type":"post","link":"https:\/\/agendadelsur.com\/index.php\/2026\/04\/28\/viajar-en-el-amba-ya-es-un-infierno-menos-colectivos-mas-espera-y-un-sistema-al-borde-de-colapso\/","title":{"rendered":"Viajar en el AMBA ya es un infierno. Menos colectivos, m\u00e1s espera y un sistema al borde de colapso."},"content":{"rendered":"\n<h6 class=\"wp-block-heading\">Entre sueldos congelados, alimentos y servicios por las nubes, los argentinos suman un nuevo castigo cotidiano: esperar eternamente un colectivo. Viajar en el AMBA dej\u00f3 de ser una rutina para convertirse en una prueba de resistencia. Un informe del Instituto Interdisciplinario de Econom\u00eda Pol\u00edtica (IIEP) de la UBA confirma lo que millones padecen a diario: la oferta de colectivos se desplom\u00f3 un 40% en las l\u00edneas interjurisdiccionales, aquellas que cruzan la General Paz. El recorte, impulsado por el aumento de los costos operativos, transform\u00f3 el traslado diario en una verdadera carrera de obst\u00e1culos contra el reloj.<\/h6>\n\n\n<div class=\"wp-block-image\">\n<figure class=\"aligncenter size-full is-resized\"><img loading=\"lazy\" decoding=\"async\" width=\"620\" height=\"440\" src=\"https:\/\/agendadelsur.com\/wp-content\/uploads\/2026\/04\/679774385_1518636086486945_6879264265126778273_n.jpg\" alt=\"\" class=\"wp-image-63528\" style=\"width:502px;height:auto\" srcset=\"https:\/\/agendadelsur.com\/wp-content\/uploads\/2026\/04\/679774385_1518636086486945_6879264265126778273_n.jpg 620w, https:\/\/agendadelsur.com\/wp-content\/uploads\/2026\/04\/679774385_1518636086486945_6879264265126778273_n-300x213.jpg 300w\" sizes=\"(max-width: 620px) 100vw, 620px\" \/><\/figure><\/div>\n\n\n<p>El fen\u00f3meno es multicausal, pero el estudio se\u00f1ala como disparador inmediato el impacto internacional en el precio de los combustibles. El gasoil ya supera los $2.100, mientras que el Estado sigue reconociendo un valor de $1.744 para calcular subsidios. Esa brecha asfixiante empuja a las empresas a achicar la flota: hoy circula un 12% menos de unidades que en 2019, lo que equivale a 2.359 colectivos menos en la calle.<\/p>\n\n\n\n<p>Luciano Fusaro, presidente de la Asociaci\u00f3n Argentina de Empresarios del Transporte Automotor, advirti\u00f3 que el panorama es cada vez m\u00e1s oscuro. La ca\u00edda de la actividad econ\u00f3mica golpea la cantidad de pasajeros, pero tambi\u00e9n se retroalimenta con el deterioro del servicio: menos frecuencias generan menos usuarios. A eso se suma el aumento de tarifas, que termina de expulsar pasajeros. El resultado es contundente: cerca de un mill\u00f3n de personas dejaron de usar el transporte p\u00fablico.<\/p>\n\n\n\n<p>El esquema tarifario, adem\u00e1s, suma confusi\u00f3n e inequidad. Mientras la Naci\u00f3n regula las l\u00edneas interjurisdiccionales, provincias y municipios fijan sus propios valores. Tras la eliminaci\u00f3n del Fondo de Compensaci\u00f3n al Transporte del Interior en 2024, las tarifas fuera del AMBA se dispararon. Hoy el boleto promedio en el interior ronda los $1.526, muy por encima de los niveles de 2019 en t\u00e9rminos reales.<\/p>\n\n\n\n<p>En el AMBA, el boleto m\u00ednimo oscila entre $700 y $871 seg\u00fan la jurisdicci\u00f3n, el tren arranca en $280 y el subte ya cuesta $1.414. Aunque en t\u00e9rminos reales estos valores se acercan a los de 2019, el servicio est\u00e1 muy lejos de aquel est\u00e1ndar.<\/p>\n\n\n\n<p>Menos colectivos, tarifas en alza y usuarios que abandonan el sistema: el combo perfecto para un colapso anunciado. Mientras el ajuste se siente en el bolsillo, tambi\u00e9n golpea en la calle, donde cada parada se convierte en una trampa de tiempo perdido. El transporte p\u00fablico, que deber\u00eda ser la soluci\u00f3n, empieza a parecerse cada vez m\u00e1s al problema. Y lo peor: nadie parece estar manejando el volante.<\/p>\n\n\n\n<p>Fuente: El Pueblo Debe Saber<\/p>\n\n\n<div class=\"wp-block-image\">\n<figure class=\"aligncenter size-full is-resized\"><img loading=\"lazy\" decoding=\"async\" width=\"300\" height=\"300\" src=\"https:\/\/agendadelsur.com\/wp-content\/uploads\/2026\/04\/TOTAL-2-1.jpg\" alt=\"\" class=\"wp-image-63359\" style=\"width:454px;height:auto\" srcset=\"https:\/\/agendadelsur.com\/wp-content\/uploads\/2026\/04\/TOTAL-2-1.jpg 300w, https:\/\/agendadelsur.com\/wp-content\/uploads\/2026\/04\/TOTAL-2-1-150x150.jpg 150w\" sizes=\"(max-width: 300px) 100vw, 300px\" \/><\/figure><\/div>","protected":false},"excerpt":{"rendered":"<p>Entre sueldos congelados, alimentos y servicios por las nubes, los argentinos suman un nuevo castigo cotidiano: esperar eternamente un colectivo. Viajar en el AMBA dej\u00f3 de ser una rutina para convertirse en una prueba de resistencia. Un informe del Instituto Interdisciplinario de Econom\u00eda Pol\u00edtica (IIEP) de la UBA confirma lo que millones padecen a diario: [&hellip;]<\/p>\n","protected":false},"author":2,"featured_media":63528,"comment_status":"closed","ping_status":"open","sticky":false,"template":"","format":"standard","meta":{"footnotes":""},"categories":[4661],"tags":[17803,17802],"_links":{"self":[{"href":"https:\/\/agendadelsur.com\/index.php\/wp-json\/wp\/v2\/posts\/63527"}],"collection":[{"href":"https:\/\/agendadelsur.com\/index.php\/wp-json\/wp\/v2\/posts"}],"about":[{"href":"https:\/\/agendadelsur.com\/index.php\/wp-json\/wp\/v2\/types\/post"}],"author":[{"embeddable":true,"href":"https:\/\/agendadelsur.com\/index.php\/wp-json\/wp\/v2\/users\/2"}],"replies":[{"embeddable":true,"href":"https:\/\/agendadelsur.com\/index.php\/wp-json\/wp\/v2\/comments?post=63527"}],"version-history":[{"count":1,"href":"https:\/\/agendadelsur.com\/index.php\/wp-json\/wp\/v2\/posts\/63527\/revisions"}],"predecessor-version":[{"id":63529,"href":"https:\/\/agendadelsur.com\/index.php\/wp-json\/wp\/v2\/posts\/63527\/revisions\/63529"}],"wp:featuredmedia":[{"embeddable":true,"href":"https:\/\/agendadelsur.com\/index.php\/wp-json\/wp\/v2\/media\/63528"}],"wp:attachment":[{"href":"https:\/\/agendadelsur.com\/index.php\/wp-json\/wp\/v2\/media?parent=63527"}],"wp:term":[{"taxonomy":"category","embeddable":true,"href":"https:\/\/agendadelsur.com\/index.php\/wp-json\/wp\/v2\/categories?post=63527"},{"taxonomy":"post_tag","embeddable":true,"href":"https:\/\/agendadelsur.com\/index.php\/wp-json\/wp\/v2\/tags?post=63527"}],"curies":[{"name":"wp","href":"https:\/\/api.w.org\/{rel}","templated":true}]}}