{"id":63530,"date":"2026-04-28T13:53:01","date_gmt":"2026-04-28T16:53:01","guid":{"rendered":"https:\/\/agendadelsur.com\/?p=63530"},"modified":"2026-04-28T13:53:02","modified_gmt":"2026-04-28T16:53:02","slug":"mas-equipamiento-para-escuelas-de-avellaneda","status":"publish","type":"post","link":"https:\/\/agendadelsur.com\/index.php\/2026\/04\/28\/mas-equipamiento-para-escuelas-de-avellaneda\/","title":{"rendered":"M\u00e1s equipamiento para escuelas de Avellaneda"},"content":{"rendered":"\n<h6 class=\"wp-block-heading\">Se entregaron nuevos mobiliarios para 21 instituciones educativas del Distrito. Permitir\u00e1 equipar 38 aulas y mejorar las condiciones de aprendizaje de los chicos y chicas.<\/h6>\n\n\n<div class=\"wp-block-image\">\n<figure class=\"aligncenter size-full\"><img loading=\"lazy\" decoding=\"async\" width=\"500\" height=\"333\" src=\"https:\/\/agendadelsur.com\/wp-content\/uploads\/2026\/04\/681807743_18580252384058924_9136557511794950929_n.jpg\" alt=\"\" class=\"wp-image-63532\" srcset=\"https:\/\/agendadelsur.com\/wp-content\/uploads\/2026\/04\/681807743_18580252384058924_9136557511794950929_n.jpg 500w, https:\/\/agendadelsur.com\/wp-content\/uploads\/2026\/04\/681807743_18580252384058924_9136557511794950929_n-300x200.jpg 300w\" sizes=\"(max-width: 500px) 100vw, 500px\" \/><\/figure><\/div>\n\n\n<p>El acto de entrega estuvo a cargo de la Jefa de Gabinete local Magdalena Sierra. &#8220;Como municipio, sabemos que sin inversi\u00f3n sostenida, no hay educaci\u00f3n p\u00fablica posible. Por eso, seguimos acompa\u00f1ando a nuestras escuelas con pol\u00edticas concretas que mejoran el d\u00eda a d\u00eda en las aulas&#8221;, expres\u00f3 Magdalena en el encuentro.<\/p>\n\n\n<div class=\"wp-block-image\">\n<figure class=\"aligncenter size-full is-resized\"><img loading=\"lazy\" decoding=\"async\" width=\"300\" height=\"300\" src=\"https:\/\/agendadelsur.com\/wp-content\/uploads\/2026\/04\/agenda-del-sur-2.png\" alt=\"\" class=\"wp-image-63533\" style=\"width:438px;height:auto\" srcset=\"https:\/\/agendadelsur.com\/wp-content\/uploads\/2026\/04\/agenda-del-sur-2.png 300w, https:\/\/agendadelsur.com\/wp-content\/uploads\/2026\/04\/agenda-del-sur-2-150x150.png 150w\" sizes=\"(max-width: 300px) 100vw, 300px\" \/><\/figure><\/div>","protected":false},"excerpt":{"rendered":"<p>Se entregaron nuevos mobiliarios para 21 instituciones educativas del Distrito. Permitir\u00e1 equipar 38 aulas y mejorar las condiciones de aprendizaje de los chicos y chicas. El acto de entrega estuvo a cargo de la Jefa de Gabinete local Magdalena Sierra. &#8220;Como municipio, sabemos que sin inversi\u00f3n sostenida, no hay educaci\u00f3n p\u00fablica posible. Por eso, seguimos [&hellip;]<\/p>\n","protected":false},"author":2,"featured_media":63531,"comment_status":"closed","ping_status":"open","sticky":false,"template":"","format":"standard","meta":{"footnotes":""},"categories":[4],"tags":[17804],"_links":{"self":[{"href":"https:\/\/agendadelsur.com\/index.php\/wp-json\/wp\/v2\/posts\/63530"}],"collection":[{"href":"https:\/\/agendadelsur.com\/index.php\/wp-json\/wp\/v2\/posts"}],"about":[{"href":"https:\/\/agendadelsur.com\/index.php\/wp-json\/wp\/v2\/types\/post"}],"author":[{"embeddable":true,"href":"https:\/\/agendadelsur.com\/index.php\/wp-json\/wp\/v2\/users\/2"}],"replies":[{"embeddable":true,"href":"https:\/\/agendadelsur.com\/index.php\/wp-json\/wp\/v2\/comments?post=63530"}],"version-history":[{"count":1,"href":"https:\/\/agendadelsur.com\/index.php\/wp-json\/wp\/v2\/posts\/63530\/revisions"}],"predecessor-version":[{"id":63534,"href":"https:\/\/agendadelsur.com\/index.php\/wp-json\/wp\/v2\/posts\/63530\/revisions\/63534"}],"wp:featuredmedia":[{"embeddable":true,"href":"https:\/\/agendadelsur.com\/index.php\/wp-json\/wp\/v2\/media\/63531"}],"wp:attachment":[{"href":"https:\/\/agendadelsur.com\/index.php\/wp-json\/wp\/v2\/media?parent=63530"}],"wp:term":[{"taxonomy":"category","embeddable":true,"href":"https:\/\/agendadelsur.com\/index.php\/wp-json\/wp\/v2\/categories?post=63530"},{"taxonomy":"post_tag","embeddable":true,"href":"https:\/\/agendadelsur.com\/index.php\/wp-json\/wp\/v2\/tags?post=63530"}],"curies":[{"name":"wp","href":"https:\/\/api.w.org\/{rel}","templated":true}]}}