{"id":63535,"date":"2026-04-28T16:48:37","date_gmt":"2026-04-28T19:48:37","guid":{"rendered":"https:\/\/agendadelsur.com\/?p=63535"},"modified":"2026-04-28T16:48:38","modified_gmt":"2026-04-28T19:48:38","slug":"forja-esta-lista-para-formar-parte-de-la-reconquista-de-la-democracia-y-la-justicia-social","status":"publish","type":"post","link":"https:\/\/agendadelsur.com\/index.php\/2026\/04\/28\/forja-esta-lista-para-formar-parte-de-la-reconquista-de-la-democracia-y-la-justicia-social\/","title":{"rendered":"FORJA est\u00e1 lista para formar parte de la reconquista de la democracia y la justicia social."},"content":{"rendered":"\n<p><strong><em>\u00a0Gustavo L\u00f3pez, actual presidente de Forja, difundi\u00f3 un an\u00e1lisis sobre la actualidad nacional \u00a0y posicion\u00f3 \u00a0a su espacio pol\u00edtico frente a esta cruenta realidad. D\u00edas atr\u00e1s fue distinguido por su trayectoria en la Legislatura de la Ciudad de Buenos Aires<\/em>.<\/strong><\/p>\n\n\n<div class=\"wp-block-image\">\n<figure class=\"aligncenter size-full is-resized\"><img loading=\"lazy\" decoding=\"async\" width=\"330\" height=\"440\" src=\"https:\/\/agendadelsur.com\/wp-content\/uploads\/2026\/04\/TAPA-1.jpg\" alt=\"\" class=\"wp-image-63536\" style=\"width:342px;height:auto\" srcset=\"https:\/\/agendadelsur.com\/wp-content\/uploads\/2026\/04\/TAPA-1.jpg 330w, https:\/\/agendadelsur.com\/wp-content\/uploads\/2026\/04\/TAPA-1-225x300.jpg 225w\" sizes=\"(max-width: 330px) 100vw, 330px\" \/><\/figure><\/div>\n\n\n<h4 class=\"wp-block-heading\"><strong>SIN LUGAR PARA EQUIVOCARSE<\/strong><\/h4>\n\n\n\n<p>&#8220;El gobierno de Milei est\u00e1 en una crisis sin fin, en una crisis que no tiene soluci\u00f3n. Lo que resta de aqu\u00ed en adelante es una carrera contra el tiempo: cuanto da\u00f1o le puede hacer a la democracia, a la industria, a los jubilados, docentes, discapacitados, trabajadores y a todos aquellos que no se benefician con este modelo de destrucci\u00f3n del aparato productivo, supremacista, cruel e inhumano hasta el final del mandato, y por otro lado, en esta misma carrera est\u00e1n los que ganan, los que especulan, roban y se quedan con los pocos negocios rentables. Tratar\u00e1n de hacerse de todo lo que puedan en el menor tiempo posible.<br>Todos en el mismo barco, los de abajo remando y los pocos de arriba, disfrutando.<\/p>\n\n\n<div class=\"wp-block-image\">\n<figure class=\"aligncenter size-full is-resized\"><img loading=\"lazy\" decoding=\"async\" width=\"680\" height=\"440\" src=\"https:\/\/agendadelsur.com\/wp-content\/uploads\/2026\/04\/TAPA-2.jpg\" alt=\"\" class=\"wp-image-63537\" style=\"width:613px;height:auto\" srcset=\"https:\/\/agendadelsur.com\/wp-content\/uploads\/2026\/04\/TAPA-2.jpg 680w, https:\/\/agendadelsur.com\/wp-content\/uploads\/2026\/04\/TAPA-2-300x194.jpg 300w\" sizes=\"(max-width: 680px) 100vw, 680px\" \/><\/figure><\/div>\n\n\n<p>\u00bfC\u00f3mo llegamos hasta ac\u00e1?, son muchos los factores. Sectores econ\u00f3micos cada vez m\u00e1s concentrados que durante m\u00e1s de una d\u00e9cada horadaron a los gobiernos populares utilizando todo lo que estaba a su alcance y controlaban: los medios, la justicia y un sector de la pol\u00edtica que se convirti\u00f3 en cuentapropista. Para Kuider o Camau, basta un bot\u00f3n. Pero tambi\u00e9n, los errores y horrores cometidos por nuestros mismos gobiernos populares que no estuvieron a la altura del desaf\u00edo que ten\u00edamos por delante.<\/p>\n\n\n\n<p>Hoy no hay margen de error, no hay lugar para equivocarse. La derecha tiene un plan, a esta altura el nuevo Plan A, sacarse de encima a Milei porque no reelige y seguir gobernando con un nuevo\/a candidato\/a en el 2027. Es decir, seguir profundizando la desigualdad, con menos crueldad ostensible pero no con menor represi\u00f3n.<\/p>\n\n\n\n<p><strong>\u00bfY cu\u00e1l es nuestro plan? \u00bfTenemos alguno o se van a seguir peleando para que esto siga 4 a\u00f1os m\u00e1s?<\/strong><\/p>\n\n\n\n<p>Desde FORJA, como partido Nacional, creemos que hay que tener un programa de gobierno que se centre en discutir y proponer qu\u00e9 hacer con la deuda externa, en la recuperaci\u00f3n del empleo, del salario y de la actividad econ\u00f3mica. En c\u00f3mo garantizamos salud para todos, educaci\u00f3n de calidad y una apuesta fuerte a la ciencia y la tecnolog\u00eda. Sin un programa claro que resuelva los temas de la vida cotidiana, no hay alternativa del campo popular.<\/p>\n\n\n\n<p>Tambi\u00e9n debemos cambiar la forma de construcci\u00f3n de la pol\u00edtica. En primer lugar, creemos que hay que construir un frente democr\u00e1tico y popular, con un programa claro y con una convocatoria amplia para la construcci\u00f3n del programa. Se\u00f1alo dos antecedentes hist\u00f3ricos. La Hora del Pueblo de la d\u00e9cada del 70 y la Multipartidaria a comienzo de los 80.<\/p>\n\n\n\n<p>Esos dos instrumentos pol\u00edticos se construyeron a trav\u00e9s de una convocatoria a una mesa de iguales, en los que el objetivo com\u00fan era terminar con la dictadura y las proscripciones. Todos en la misma mesa con objetivos en com\u00fan y despu\u00e9s se compet\u00eda electoralmente, pero con acuerdos esenciales.<\/p>\n\n\n\n<p>Ahora, ya no tenemos enfrente a dictaduras militares, s\u00ed a un gobierno autoritario, antidemocr\u00e1tico, cruel, inhumano y devastador para la mayor\u00eda de los argentinos. Es urgente la convocatoria a una mesa democr\u00e1tica para discutir pol\u00edtica y soluciones, las candidaturas ser\u00e1n la consecuencia del programa y de la competencia electoral interna, pero insisto, no nos podemos equivocar.<\/p>\n\n\n\n<p>Hoy no hay democracia porque hay proscripciones y persecuciones pol\u00edticas. No hay democracia con un Poder judicial cooptado por las corporaciones econ\u00f3micas, corrupto y que viola la Constituci\u00f3n de manera permanente. Una Justicia que tiene la venda de sus ojos corrida para un costado, mirando a los ricos, ignorando a los pobres y persiguiendo a opositores a este modelo.<\/p>\n\n\n\n<p>Todas estas son urgencias que tenemos que resolver el primer d\u00eda de gobierno, pero para hacerlo, tenemos que ganar la elecci\u00f3n y ser gobierno&#8221;<strong><\/strong><\/p>\n\n\n\n<p><strong>FORJA est\u00e1 lista para formar parte de la reconquista de la democracia y la justicia social.<\/strong><\/p>\n\n\n\n<p><strong>Gustavo L\u00f3pez<\/strong><br><strong>Presidente de FORJA<\/strong><\/p>\n","protected":false},"excerpt":{"rendered":"<p>\u00a0Gustavo L\u00f3pez, actual presidente de Forja, difundi\u00f3 un an\u00e1lisis sobre la actualidad nacional \u00a0y posicion\u00f3 \u00a0a su espacio pol\u00edtico frente a esta cruenta realidad. D\u00edas atr\u00e1s fue distinguido por su trayectoria en la Legislatura de la Ciudad de Buenos Aires. SIN LUGAR PARA EQUIVOCARSE &#8220;El gobierno de Milei est\u00e1 en una crisis sin fin, en [&hellip;]<\/p>\n","protected":false},"author":2,"featured_media":63537,"comment_status":"closed","ping_status":"open","sticky":false,"template":"","format":"standard","meta":{"footnotes":""},"categories":[16854],"tags":[17805],"_links":{"self":[{"href":"https:\/\/agendadelsur.com\/index.php\/wp-json\/wp\/v2\/posts\/63535"}],"collection":[{"href":"https:\/\/agendadelsur.com\/index.php\/wp-json\/wp\/v2\/posts"}],"about":[{"href":"https:\/\/agendadelsur.com\/index.php\/wp-json\/wp\/v2\/types\/post"}],"author":[{"embeddable":true,"href":"https:\/\/agendadelsur.com\/index.php\/wp-json\/wp\/v2\/users\/2"}],"replies":[{"embeddable":true,"href":"https:\/\/agendadelsur.com\/index.php\/wp-json\/wp\/v2\/comments?post=63535"}],"version-history":[{"count":1,"href":"https:\/\/agendadelsur.com\/index.php\/wp-json\/wp\/v2\/posts\/63535\/revisions"}],"predecessor-version":[{"id":63538,"href":"https:\/\/agendadelsur.com\/index.php\/wp-json\/wp\/v2\/posts\/63535\/revisions\/63538"}],"wp:featuredmedia":[{"embeddable":true,"href":"https:\/\/agendadelsur.com\/index.php\/wp-json\/wp\/v2\/media\/63537"}],"wp:attachment":[{"href":"https:\/\/agendadelsur.com\/index.php\/wp-json\/wp\/v2\/media?parent=63535"}],"wp:term":[{"taxonomy":"category","embeddable":true,"href":"https:\/\/agendadelsur.com\/index.php\/wp-json\/wp\/v2\/categories?post=63535"},{"taxonomy":"post_tag","embeddable":true,"href":"https:\/\/agendadelsur.com\/index.php\/wp-json\/wp\/v2\/tags?post=63535"}],"curies":[{"name":"wp","href":"https:\/\/api.w.org\/{rel}","templated":true}]}}