{"id":63556,"date":"2026-04-29T21:19:13","date_gmt":"2026-04-30T00:19:13","guid":{"rendered":"https:\/\/agendadelsur.com\/?p=63556"},"modified":"2026-04-29T21:19:14","modified_gmt":"2026-04-30T00:19:14","slug":"la-utn-avellaneda-formara-en-alfabetizacion-digital-para-adultos-mayores-de-forma-gratuita","status":"publish","type":"post","link":"https:\/\/agendadelsur.com\/index.php\/2026\/04\/29\/la-utn-avellaneda-formara-en-alfabetizacion-digital-para-adultos-mayores-de-forma-gratuita\/","title":{"rendered":"La UTN Avellaneda formar\u00e1 en alfabetizaci\u00f3n digital para adultos mayores de forma gratuita"},"content":{"rendered":"\n<h6 class=\"wp-block-heading\">Con el objetivo de aportar autonom\u00eda digital para el correcto uso de la computadora y del celular, la UTN Avellaneda, a trav\u00e9s de la Secretar\u00eda de Cultura y Extensi\u00f3n Universitaria y de la Secretar\u00eda de Relaciones Internacionales y Pol\u00edticas de G\u00e9nero y Diversidad, abre la inscripci\u00f3n al curso de Alfabetizaci\u00f3n digital para adultos mayores de 60 a\u00f1os que se dictar\u00e1 los lunes de 19 a 22 h, a partir del 11 de mayo, en forma gratuita.<\/h6>\n\n\n<div class=\"wp-block-image\">\n<figure class=\"aligncenter size-full is-resized\"><img loading=\"lazy\" decoding=\"async\" width=\"620\" height=\"440\" src=\"https:\/\/agendadelsur.com\/wp-content\/uploads\/2026\/04\/Sin-titulo.jpg\" alt=\"\" class=\"wp-image-63557\" style=\"width:536px;height:auto\" srcset=\"https:\/\/agendadelsur.com\/wp-content\/uploads\/2026\/04\/Sin-titulo.jpg 620w, https:\/\/agendadelsur.com\/wp-content\/uploads\/2026\/04\/Sin-titulo-300x213.jpg 300w\" sizes=\"(max-width: 620px) 100vw, 620px\" \/><\/figure><\/div>\n\n\n<p>Las cuatro clases presenciales que comprende la capacitaci\u00f3n abarcan temas como el manejo b\u00e1sico y seguro de Windows y Android; el uso de Internet, Office, correo electr\u00f3nico y redes sociales, y la utilizaci\u00f3n de la inteligencia artificial como asistente en tareas diarias.<\/p>\n\n\n\n<p>El prop\u00f3sito es aumentar la confianza y el pensamiento cr\u00edtico de los usuarios en el entorno digital y promover h\u00e1bitos seguros y responsables en el uso de la tecnolog\u00eda.<\/p>\n\n\n\n<p>Para mayor informaci\u00f3n e inscripciones ingresar en&nbsp;<a href=\"https:\/\/extensionfra.com.ar\/courses\/alfabetizacion-digital-para-adultos\/\" target=\"_blank\" rel=\"noreferrer noopener\">https:\/\/extensionfra.com.ar\/courses\/alfabetizacion-digital-para-adultos\/<\/a>&nbsp;o comunicarse al WhatsApp 1135012026, al 4201-7211, por mail a&nbsp;<a href=\"mailto:extension@fra.utn.edu.ar\" target=\"_blank\" rel=\"noreferrer noopener\">extension@fra.utn.edu.ar<\/a>&nbsp;o al Instagram @extension.utnavellaneda<\/p>\n\n\n\n<p>Fuente: Prensa y Difusi\u00f3n UTN Avellaneda<\/p>\n\n\n<div class=\"wp-block-image\">\n<figure class=\"aligncenter size-full is-resized\"><img loading=\"lazy\" decoding=\"async\" width=\"300\" height=\"300\" src=\"https:\/\/agendadelsur.com\/wp-content\/uploads\/2026\/04\/TOTAL-2-2.jpg\" alt=\"\" class=\"wp-image-63550\" style=\"width:434px;height:auto\" srcset=\"https:\/\/agendadelsur.com\/wp-content\/uploads\/2026\/04\/TOTAL-2-2.jpg 300w, https:\/\/agendadelsur.com\/wp-content\/uploads\/2026\/04\/TOTAL-2-2-150x150.jpg 150w\" sizes=\"(max-width: 300px) 100vw, 300px\" \/><\/figure><\/div>","protected":false},"excerpt":{"rendered":"<p>Con el objetivo de aportar autonom\u00eda digital para el correcto uso de la computadora y del celular, la UTN Avellaneda, a trav\u00e9s de la Secretar\u00eda de Cultura y Extensi\u00f3n Universitaria y de la Secretar\u00eda de Relaciones Internacionales y Pol\u00edticas de G\u00e9nero y Diversidad, abre la inscripci\u00f3n al curso de Alfabetizaci\u00f3n digital para adultos mayores de [&hellip;]<\/p>\n","protected":false},"author":2,"featured_media":63557,"comment_status":"closed","ping_status":"open","sticky":false,"template":"","format":"standard","meta":{"footnotes":""},"categories":[4],"tags":[17811,132,661],"_links":{"self":[{"href":"https:\/\/agendadelsur.com\/index.php\/wp-json\/wp\/v2\/posts\/63556"}],"collection":[{"href":"https:\/\/agendadelsur.com\/index.php\/wp-json\/wp\/v2\/posts"}],"about":[{"href":"https:\/\/agendadelsur.com\/index.php\/wp-json\/wp\/v2\/types\/post"}],"author":[{"embeddable":true,"href":"https:\/\/agendadelsur.com\/index.php\/wp-json\/wp\/v2\/users\/2"}],"replies":[{"embeddable":true,"href":"https:\/\/agendadelsur.com\/index.php\/wp-json\/wp\/v2\/comments?post=63556"}],"version-history":[{"count":1,"href":"https:\/\/agendadelsur.com\/index.php\/wp-json\/wp\/v2\/posts\/63556\/revisions"}],"predecessor-version":[{"id":63558,"href":"https:\/\/agendadelsur.com\/index.php\/wp-json\/wp\/v2\/posts\/63556\/revisions\/63558"}],"wp:featuredmedia":[{"embeddable":true,"href":"https:\/\/agendadelsur.com\/index.php\/wp-json\/wp\/v2\/media\/63557"}],"wp:attachment":[{"href":"https:\/\/agendadelsur.com\/index.php\/wp-json\/wp\/v2\/media?parent=63556"}],"wp:term":[{"taxonomy":"category","embeddable":true,"href":"https:\/\/agendadelsur.com\/index.php\/wp-json\/wp\/v2\/categories?post=63556"},{"taxonomy":"post_tag","embeddable":true,"href":"https:\/\/agendadelsur.com\/index.php\/wp-json\/wp\/v2\/tags?post=63556"}],"curies":[{"name":"wp","href":"https:\/\/api.w.org\/{rel}","templated":true}]}}