{"id":6415,"date":"2021-03-19T22:35:02","date_gmt":"2021-03-20T01:35:02","guid":{"rendered":"https:\/\/agendadelsur.com\/?p=6415"},"modified":"2021-03-19T22:35:03","modified_gmt":"2021-03-20T01:35:03","slug":"reduccion-de-aportes-patronales-al-norte-grande-argentino-para-fomentar-la-creacion-de-nuevos-empleos","status":"publish","type":"post","link":"https:\/\/agendadelsur.com\/index.php\/2021\/03\/19\/reduccion-de-aportes-patronales-al-norte-grande-argentino-para-fomentar-la-creacion-de-nuevos-empleos\/","title":{"rendered":"Reducci\u00f3n de aportes patronales al norte grande argentino para fomentar la creaci\u00f3n de nuevos empleos"},"content":{"rendered":"\n<p>El presidente Alberto Fern\u00e1ndez anunci\u00f3 este mediod\u00eda, en San Fernando del Valle de Catamarca, un sistema de reducci\u00f3n de aportes patronales para las diez provincias que forman parte del norte argentino.<\/p>\n\n\n\n<p>\u201cEste proyecto tiene el objetivo que las empresas puedan tomar nuevos trabajadores y as\u00ed generar m\u00e1s trabajo en esta regi\u00f3n que tanto lo necesita, sabiendo que el Estado nacional los va a ayudar a hacerlo\u201d, dijo el mandatario antes de comenzar la reuni\u00f3n del Consejo Regional del Norte Grande junto a los gobernadores de la regi\u00f3n.<\/p>\n\n\n\n<p>El Jefe de Estado explic\u00f3 que se trata de un reclamo que recibi\u00f3 cuando estaba en campa\u00f1a en el a\u00f1o 2019 por parte los industriales del norte argentino.<\/p>\n\n\n\n<p>\u201cMe plantearon la necesidad de equilibrar un poco las grandes asimetr\u00edas que hay entre aquellos que producen en el norte con aquellos que producen en el centro del pa\u00eds\u201d, detall\u00f3.<\/p>\n\n\n\n<p>\u201cVamos a poner en vigencia un sistema de reducci\u00f3n de aportes patronales semejante al que exist\u00eda en aquel momento con aquel decreto 814 solo para el norte grande argentino\u201d, enfatiz\u00f3.<\/p>\n\n\n\n<p>Adem\u00e1s, indic\u00f3 que se trata de \u201cun tema central para que el norte de la Argentina pudiera empezar a producir de otro modo, con m\u00e1s equilibrio respecto al resto del pa\u00eds, porque el desequilibrio que hoy existe hay que ir eliminandolo\u201d.<\/p>\n\n\n\n<p>Los incentivos fiscales en las contribuciones patronales que pagan los\/as empleadores\/as radicados\/as en las provincias del Norte Grande, ser\u00e1n graduales y temporarios durante un per\u00edodo de 3 a\u00f1os, en sectores econ\u00f3micos orientados a la producci\u00f3n de bienes. Para acceder a los beneficios se establece como requisito que los empleadores y empleadoras deber\u00e1n producir incrementos en su n\u00f3mina de personal.<\/p>\n\n\n\n<p>La reducci\u00f3n de las contribuciones patronales de nuevas contrataciones a trabajadores varones ser\u00e1 del 70% el primer a\u00f1o, 45% el segundo a\u00f1o y 20% el tercer a\u00f1o. Mientras que para trabajadoras mujeres; travesti, transexual o transg\u00e9nero, la reducci\u00f3n ser\u00e1 del 80% el primer a\u00f1o, 55% el segundo a\u00f1o y 30% el tercer a\u00f1o<\/p>\n\n\n\n<p>Del encuentro, que tiene lugar en el Centro de Innovaci\u00f3n y Desarrollo Tecnol\u00f3gico, participaron los gobernadores Ra\u00fal Jalil (Catamarca); Jorge Capitanich (Chaco); Gustavo Vald\u00e9s (Corrientes); Gildo Insfr\u00e1n (Formosa); Gerardo Morales (Jujuy); Ricardo Quintela (La Rioja); Oscar Herrera Ahuad (Misiones); Gustavo S\u00e1enz (Salta); Gerardo Zamora (Santiago del Estero), y Juan Manzur (Tucum\u00e1n).<\/p>\n\n\n\n<p>El mandatario est\u00e1 acompa\u00f1ado por el jefe de Gabinete, Santiago Cafiero; los ministros del Interior, Eduardo de Pedro; de Desarrollo Productivo, Mat\u00edas Kulfas; de Transporte, Mario Meoni, y de Trabajo, Empleo y Seguridad Social, Claudio Moroni.<\/p>\n\n\n\n<p>Tambi\u00e9n forman parte de la comitiva los secretarios General de la Presidencia, Julio Vitobello, y de Comunicaci\u00f3n y Prensa, Juan Pablo Biondi; la secretaria de Provincias, Silvina Batakis, y el titular del Consejo Federal de Inversiones, Ignacio Lamothe.<\/p>\n\n\n\n<p>Al finalizar el encuentro, el presidente Fern\u00e1ndez se dirigir\u00e1 al centro de vacunaci\u00f3n que funciona en Predio Ferial Campo Las Heras de la capital catamarque\u00f1a y que forma parte de la campa\u00f1a de inmunizaci\u00f3n contra el Covid-19.<\/p>\n","protected":false},"excerpt":{"rendered":"<p>El presidente Alberto Fern\u00e1ndez anunci\u00f3 este mediod\u00eda, en San Fernando del Valle de Catamarca, un sistema de reducci\u00f3n de aportes patronales para las diez provincias que forman parte del norte argentino. \u201cEste proyecto tiene el objetivo que las empresas puedan tomar nuevos trabajadores y as\u00ed generar m\u00e1s trabajo en esta regi\u00f3n que tanto lo necesita, [&hellip;]<\/p>\n","protected":false},"author":2,"featured_media":6416,"comment_status":"closed","ping_status":"open","sticky":false,"template":"","format":"standard","meta":{"footnotes":""},"categories":[9],"tags":[1741],"_links":{"self":[{"href":"https:\/\/agendadelsur.com\/index.php\/wp-json\/wp\/v2\/posts\/6415"}],"collection":[{"href":"https:\/\/agendadelsur.com\/index.php\/wp-json\/wp\/v2\/posts"}],"about":[{"href":"https:\/\/agendadelsur.com\/index.php\/wp-json\/wp\/v2\/types\/post"}],"author":[{"embeddable":true,"href":"https:\/\/agendadelsur.com\/index.php\/wp-json\/wp\/v2\/users\/2"}],"replies":[{"embeddable":true,"href":"https:\/\/agendadelsur.com\/index.php\/wp-json\/wp\/v2\/comments?post=6415"}],"version-history":[{"count":1,"href":"https:\/\/agendadelsur.com\/index.php\/wp-json\/wp\/v2\/posts\/6415\/revisions"}],"predecessor-version":[{"id":6417,"href":"https:\/\/agendadelsur.com\/index.php\/wp-json\/wp\/v2\/posts\/6415\/revisions\/6417"}],"wp:featuredmedia":[{"embeddable":true,"href":"https:\/\/agendadelsur.com\/index.php\/wp-json\/wp\/v2\/media\/6416"}],"wp:attachment":[{"href":"https:\/\/agendadelsur.com\/index.php\/wp-json\/wp\/v2\/media?parent=6415"}],"wp:term":[{"taxonomy":"category","embeddable":true,"href":"https:\/\/agendadelsur.com\/index.php\/wp-json\/wp\/v2\/categories?post=6415"},{"taxonomy":"post_tag","embeddable":true,"href":"https:\/\/agendadelsur.com\/index.php\/wp-json\/wp\/v2\/tags?post=6415"}],"curies":[{"name":"wp","href":"https:\/\/api.w.org\/{rel}","templated":true}]}}