{"id":6547,"date":"2021-03-25T20:25:46","date_gmt":"2021-03-25T23:25:46","guid":{"rendered":"https:\/\/agendadelsur.com\/?p=6547"},"modified":"2021-03-25T20:26:34","modified_gmt":"2021-03-25T23:26:34","slug":"en-formosa-no-tenemos-gente-durmiendo-en-la-calle-como-en-la-ciudad-de-buenos-aires","status":"publish","type":"post","link":"https:\/\/agendadelsur.com\/index.php\/2021\/03\/25\/en-formosa-no-tenemos-gente-durmiendo-en-la-calle-como-en-la-ciudad-de-buenos-aires\/","title":{"rendered":"En Formosa no tenemos gente durmiendo en la calle como en la Ciudad de Buenos Aires"},"content":{"rendered":"\n<p><strong><em>Lo afirm\u00f3 Soledad Yorg presidenta del Partido Comunista de Formosa en un extenso reportaje -que aqu\u00ed compartimos- y que public\u00f3 el portal miradagremial.com.ar\/<\/em><\/strong><\/p>\n\n\n\n<p>Entre los conceptos salientes explic\u00f3 que: &#8220;Hay una subjetividad construida de que en Formosa somos todos indios, todos salvajes&#8221;. Asegur\u00f3 que actualmente en Formosa s\u00f3lo el 21% de los trabajadores son empleados p\u00fablicos y aclar\u00f3 con firmeza que no le gusta decir que viven del estado porque en ese porcentaje se incluyen docentes, trabajadores de la salud y fuerzas de seguridad.<\/p>\n\n\n\n<p>&#8220;De 2003 a 2015 la media nacional de empleados p\u00fablicos era del 50%, pero en Formosa era entre el 12 y el 14%\u201d, y agreg\u00f3 que en muchas ciudades -Colrinda, por ejemplo- no hay escuelas &nbsp;privadas. &#8220;Son todas p\u00fablicas porque la inversi\u00f3n en lo p\u00fablico es fundamental&#8221;.<\/p>\n\n\n\n<p>&#8220;En Formosa no hay mayores de 60 a\u00f1os ni docentes sin vacunar, por eso nos demonizan\u201d.<\/p>\n\n\n\n<p>Tambi\u00e9n denunci\u00f3 a Patricia Bullrich por generar caos en la provincia y defendi\u00f3 las pol\u00edticas p\u00fablicas de Gildo Insfr\u00e1n.<\/p>\n\n\n\n<figure class=\"wp-block-embed-youtube wp-block-embed is-type-video is-provider-youtube wp-embed-aspect-16-9 wp-has-aspect-ratio\"><div class=\"wp-block-embed__wrapper\">\n<div class=\"epyt-video-wrapper\"><iframe loading=\"lazy\"  id=\"_ytid_96952\"  width=\"640\" height=\"360\"  data-origwidth=\"640\" data-origheight=\"360\" src=\"https:\/\/www.youtube.com\/embed\/EcKYDoSlmTM?enablejsapi=1&#038;autoplay=0&#038;cc_load_policy=0&#038;cc_lang_pref=&#038;iv_load_policy=1&#038;loop=0&#038;rel=1&#038;fs=1&#038;playsinline=0&#038;autohide=2&#038;theme=dark&#038;color=red&#038;controls=1&#038;disablekb=0&#038;\" class=\"__youtube_prefs__  epyt-is-override  no-lazyload\" title=\"YouTube player\"  allow=\"fullscreen; accelerometer; autoplay; clipboard-write; encrypted-media; gyroscope; picture-in-picture; web-share\" referrerpolicy=\"strict-origin-when-cross-origin\" allowfullscreen data-no-lazy=\"1\" data-skipgform_ajax_framebjll=\"\"><\/iframe><\/div>\n<\/div><\/figure>\n\n\n\n<p><strong>El reportaje completo:<\/strong><\/p>\n\n\n\n<p>Para la presidenta del Partido Comunista de Formosa no es una casualidad que la derecha haya puesto los ojos en apuntar sus ca\u00f1ones para erosionar el poder pol\u00edtico en Formosa. Uno de los argumentos que esgrime Soledad Yorg es que la provincia cuenta con una frontera muy extensa y muy permeable, que la separa de Paraguay por un r\u00edo que actualmente est\u00e1 muy poco caudaloso.<\/p>\n\n\n\n<p>\u201cLa oposici\u00f3n buitre ha causado mucho da\u00f1o en Formosa\u201d, expone, raz\u00f3n por la que por desinformaci\u00f3n o informaci\u00f3n maliciosa, se demonizan los procesos que ocurren lejos de Buenos Aires.<\/p>\n\n\n\n<p>A veces desde las grandes urbes se subestima al interior y se considera que en las provincias hay feudos en los que todos somos est\u00fapidos manejados por un emperador\u201d<\/p>\n\n\n\n<p>Para la presidenta del Partido Comunista, una de las razones de tantos ataques contra el gobernador es su negativa a avanzar con las privatizaciones, pero Patricia Bullrich, al regresar de Formosa enseguida plante\u00f3 que quer\u00eda comprar y privatizar las vacunas.<\/p>\n\n\n\n<p>Los que no tienen nada que ver con los intereses populares nos mandan a TN y endurecen sus medidas junto con las acciones de la Corte Suprema\u201d<\/p>\n\n\n\n<p>Sobre la pandemia<\/p>\n\n\n\n<p>Para Yorg hab\u00eda dos formas de encarar la pandemia: una, protegiendo y otra con el discurso de la econom\u00eda, como EEUU, y pone el ejemplo de los despidos en Disney y en Las Vegas, que nunca fueron tan numerosos y masivos como durante la pandemia. \u201cNo se puede construir una econom\u00eda sobre nuestros muertos, no hay pueblo que se pueda construir sobre muertos ni econom\u00eda creciente con muertos\u201d, sostuvo.<\/p>\n\n\n\n<p>No soy parte del oficialismo, pero Insfr\u00e1n siempre fue muy respetuoso y ser\u00eda muy irrespetuosa si no reconociera que el abordaje de lo sanitario fue muy acertado\u201d<\/p>\n\n\n\n<p>En ese sentido, reconoce que el gobierno provincial tom\u00f3 decisiones rigurosas que merecieron esfuerzo y cuidado. \u00abSin salir, pero con un status sanitario que nos garantiz\u00f3 evitar los contagios porque no habr\u00eda virus circulando\u201d, marc\u00f3.<\/p>\n\n\n\n<p>En ese sentido, plantea que aunque la poblaci\u00f3n se cuidaba mucho, ahora teme que con las medidas de la Corte Suprema probablemente no puedan conservar esos cuidados, ya que sl no poder hacer un seguimiento de los ingresos ser\u00e1 muy dif\u00edcil garantizar que no est\u00e9 el virus. \u201cEstos logros se construyen con pol\u00edtica p\u00fablica y acompa\u00f1amiento popular, lo cual fue demonizado\u201d, expuso.<\/p>\n\n\n\n<p><strong>Ciudad de Formosa<\/strong><\/p>\n\n\n\n<p>\u00bfQu\u00e9 es Formosa?<\/p>\n\n\n\n<p>Qu\u00e9 es Formosa es una pregunta que muchos se hacen a miles de kil\u00f3metros de distancia. Es que todo se eval\u00faa desde el centro, desde Buenos Aires, lamenta Soledad Yorg en la entrevista que le realiz\u00f3 Hugo Gulman en Radio Rebelde. \u201cHay una subjetividad construida de que en Formosa somos todos indios, todos salvajes\u00bb, dice.<\/p>\n\n\n\n<p>\u00abNo tenemos la realidad de CABA con gente durmiendo en la calle\u201d, repiti\u00f3 un par de veces en la charla. Y otro t\u00e9rmino, \u2018lo p\u00fablico\u2019, tambi\u00e9n acudi\u00f3 en varias ocasiones.<\/p>\n\n\n\n<p>Hay una subjetividad construida de que en Formosa somos todos indios, todos salvajes\u00bb<\/p>\n\n\n\n<p>Actualmente, en Formosa s\u00f3lo el 21% de los trabajadores son empleados p\u00fablicos y Soledad aclara con firmeza que no le gusta decir que viven del estado porque en ese porcentaje se incluyen docentes, trabajadores de la salud y fuerzas de seguridad. \u201cHubo un acuerdo con N\u00e9stor Kirchner en 2003 a partir del cual cambi\u00f3 la realidad de Formosa. De 2003 a 2015 la media nacional de empleados p\u00fablicos era del 50%, pero en Formosa era entre el 12 y el 14%\u201d, relata, y agrega que en muchas ciudades -Colrinda, por ejemplo- no hay escuelas privadas. \u00abSon todas p\u00fablicas porque la inversi\u00f3n en lo p\u00fablico es fundamental\u00bb.<\/p>\n\n\n\n<p>En Formosa no hay mayores de 60 ni docentes sin vacunar, por eso nos demonizan\u201d<\/p>\n\n\n\n<p>Muchas de las informaciones falsas, adrede o desinformadas, suelen dejar siempre mal parado al gobernador Gildo Insfr\u00e1n, y nunca est\u00e1n ausentes los comentarios acerca de la importancia de la alternancia pol\u00edtica en cada jurisdicci\u00f3n, observaci\u00f3n que no se tiene en cuenta al momento de pensar en las d\u00e9cadas que llevan al frente de la intendencia de San Isidro los Posse, primero Melchor y luego su hijo Gustavo. O los a\u00f1os que lleva el PRO al frente de CABA. O los a\u00f1os de \u00c1ngela Merkel en Alemania. \u201cNo soy parte del oficialismo, pero Insfr\u00e1n siempre fue muy respetuoso y ser\u00eda muy irrespetuosa si no reconociera que el abordaje de lo sanitario fue muy acertado\u201d.<\/p>\n\n\n\n<p>En otro tramo de la nota la dirigente recuerda que Formosa ven\u00eda avanzando con un Polo Cient\u00edfico en el que se producir\u00eda materia prima para la insulina, pero al llegar al gobierno en 2015, el macrismo desfinanci\u00f3 ese proyecto que hab\u00eda sido apoyado durante la presidencia de Cristina Kirchner.<\/p>\n\n\n\n<p>\u201cNo puedo mirar orejeando y buscando votantes, reivindico la pol\u00edtica y no podemos mentir por un par de votos o congraciarse con alg\u00fan sector porque en la pol\u00edtica no vale todo y hay que ser digno con el adversario\u201d, dice, aludiendo a una dirigente que compar\u00f3 los espacios de aislamiento preparados por el gobierno formose\u00f1o para afrontar la pandemia con los centros de detenci\u00f3n clandestina de la dictadura c\u00edvico-militar.<\/p>\n\n\n\n<p>Finalmente, se refiri\u00f3 a la Hidov\u00eda y asegur\u00f3 que el gobierno provincial piensa que el Estado nacional est\u00e1 en condiciones de garantizar la limpieza y el dragado del R\u00edo Paran\u00e1. Al respecto, aclar\u00f3 que su provincia es la \u00fanica que conserva sus puertos en manos del estado local y siempre se ha negado a que sean transferidos a manos privadas. \u201cPrivatizar da roles y a Formosa pretenden darle el rol del contrabando, pero jam\u00e1s vamos a estar de acuerdo con la privatizaci\u00f3n porque es perder soberan\u00eda\u201d, concluy\u00f3.<\/p>\n\n\n\n<p><strong><em>Fuente: http:\/\/miradagremial.com.ar\/<\/em><\/strong><\/p>\n","protected":false},"excerpt":{"rendered":"<p>Lo afirm\u00f3 Soledad Yorg presidenta del Partido Comunista de Formosa en un extenso reportaje -que aqu\u00ed compartimos- y que public\u00f3 el portal miradagremial.com.ar\/ Entre los conceptos salientes explic\u00f3 que: &#8220;Hay una subjetividad construida de que en Formosa somos todos indios, todos salvajes&#8221;. Asegur\u00f3 que actualmente en Formosa s\u00f3lo el 21% de los trabajadores son empleados [&hellip;]<\/p>\n","protected":false},"author":2,"featured_media":6549,"comment_status":"closed","ping_status":"open","sticky":false,"template":"","format":"standard","meta":{"footnotes":""},"categories":[9],"tags":[891,1766],"_links":{"self":[{"href":"https:\/\/agendadelsur.com\/index.php\/wp-json\/wp\/v2\/posts\/6547"}],"collection":[{"href":"https:\/\/agendadelsur.com\/index.php\/wp-json\/wp\/v2\/posts"}],"about":[{"href":"https:\/\/agendadelsur.com\/index.php\/wp-json\/wp\/v2\/types\/post"}],"author":[{"embeddable":true,"href":"https:\/\/agendadelsur.com\/index.php\/wp-json\/wp\/v2\/users\/2"}],"replies":[{"embeddable":true,"href":"https:\/\/agendadelsur.com\/index.php\/wp-json\/wp\/v2\/comments?post=6547"}],"version-history":[{"count":1,"href":"https:\/\/agendadelsur.com\/index.php\/wp-json\/wp\/v2\/posts\/6547\/revisions"}],"predecessor-version":[{"id":6548,"href":"https:\/\/agendadelsur.com\/index.php\/wp-json\/wp\/v2\/posts\/6547\/revisions\/6548"}],"wp:featuredmedia":[{"embeddable":true,"href":"https:\/\/agendadelsur.com\/index.php\/wp-json\/wp\/v2\/media\/6549"}],"wp:attachment":[{"href":"https:\/\/agendadelsur.com\/index.php\/wp-json\/wp\/v2\/media?parent=6547"}],"wp:term":[{"taxonomy":"category","embeddable":true,"href":"https:\/\/agendadelsur.com\/index.php\/wp-json\/wp\/v2\/categories?post=6547"},{"taxonomy":"post_tag","embeddable":true,"href":"https:\/\/agendadelsur.com\/index.php\/wp-json\/wp\/v2\/tags?post=6547"}],"curies":[{"name":"wp","href":"https:\/\/api.w.org\/{rel}","templated":true}]}}