{"id":66212,"date":"2026-09-02T00:57:08","date_gmt":"2026-09-02T03:57:08","guid":{"rendered":"https:\/\/agendadelsur.com\/?p=66212"},"modified":"2026-09-02T00:57:09","modified_gmt":"2026-09-02T03:57:09","slug":"comenzo-la-expo-universidad-en-la-ciudad-de-la-plata","status":"publish","type":"post","link":"https:\/\/agendadelsur.com\/index.php\/2026\/09\/02\/comenzo-la-expo-universidad-en-la-ciudad-de-la-plata\/","title":{"rendered":"Comenz\u00f3 la Expo Universidad en la Ciudad de La Plata"},"content":{"rendered":"\n<h6 class=\"wp-block-heading\">La Universidad Nacional La Plata inaugur\u00f3 este martes una nueva edici\u00f3n de la Expo Universidad en el Pasaje Dardo Rocha, con entrada libre y gratuita. Las 17 facultades de la UNLP participar\u00e1n con stands en el Auditorio, donde estudiantes, docentes y graduados brindar\u00e1n informaci\u00f3n sobre las carreras, los perfiles profesionales y los planes de estudio. All\u00ed tambi\u00e9n estar\u00e1n presentes la Escuela de Oficios, una propuesta de formaci\u00f3n orientada a fortalecer la capacitaci\u00f3n para la inserci\u00f3n laboral.<\/h6>\n\n\n<div class=\"wp-block-image\">\n<figure class=\"aligncenter size-full is-resized\"><img loading=\"lazy\" decoding=\"async\" width=\"500\" height=\"625\" src=\"https:\/\/agendadelsur.com\/wp-content\/uploads\/2026\/09\/793324316_1078720007873964_2684469665943540251_n-1.jpg\" alt=\"\" class=\"wp-image-66215\" style=\"aspect-ratio:0.799975;width:374px;height:auto\" srcset=\"https:\/\/agendadelsur.com\/wp-content\/uploads\/2026\/09\/793324316_1078720007873964_2684469665943540251_n-1.jpg 500w, https:\/\/agendadelsur.com\/wp-content\/uploads\/2026\/09\/793324316_1078720007873964_2684469665943540251_n-1-240x300.jpg 240w\" sizes=\"auto, (max-width: 500px) 100vw, 500px\" \/><figcaption class=\"wp-element-caption\"><em>Foto: 0221.com.ar\/<\/em><\/figcaption><\/figure>\n<\/div>\n\n\n<p class=\"wp-block-paragraph\">\u00bfQu\u00e9 es la expo universidad?<\/p>\n\n\n\n<p class=\"wp-block-paragraph\">La Expo Universidad es una muestra especialmente orientada a las y los j\u00f3venes que est\u00e1n cursando los \u00faltimos a\u00f1os de la escuela secundaria, que se realiza del 1 al 4 de septiembre de 9 a 18 hs. en el Centro Cultural Pasaje Dardo Rocha (calle 50 e\/ 6 y 7). En el marco del Programa \u201cVen\u00ed a la UNLP\u201d, las y los estudiantes de escuelas p\u00fablicas y privadas tienen la oportunidad de asistir a charlas informativas dictadas por profesionales de la Universidad. As\u00ed tienen su primer acercamiento a los principales conceptos de la vida universitaria: desde los diferentes esquemas de cursada y sistemas de evaluaci\u00f3n, hasta la forma de gobierno de la UNLP. Adem\u00e1s reciben toda la informaci\u00f3n sobre las distintas becas y beneficios que ofrece la Universidad de La Plata para acompa\u00f1ar a sus estudiantes, como el comedor, el Albergue, el programa de apoyo y contenci\u00f3n y los diferentes esquemas de ayuda econ\u00f3mica para los y las estudiantes con menos recursos.<\/p>\n\n\n\n<p class=\"wp-block-paragraph\">\u00bfQu\u00e9 vas a encontrar en la Expo?<\/p>\n\n\n\n<p class=\"wp-block-paragraph\">Las 17 facultades de la UNLP participar\u00e1n con stands en el Auditorio, donde estudiantes, docentes y graduados brindar\u00e1n informaci\u00f3n sobre las carreras, los perfiles profesionales y los planes de estudio. All\u00ed tambi\u00e9n estar\u00e1n presentes la Escuela de Oficios, una propuesta de formaci\u00f3n orientada a fortalecer la capacitaci\u00f3n para la inserci\u00f3n laboral; el programa \u201cVen\u00ed a la UNLP\u201d, destinado a acompa\u00f1ar a estudiantes del \u00faltimo a\u00f1o de la escuela secundaria; y \u00e1reas de Bienestar Universitario, con informaci\u00f3n sobre comedor, becas, salud estudiantil, deportes y m\u00e1s. Adem\u00e1s, en este espacio se presentar\u00e1n las m\u00e1s de 120 carreras que ofrece la Universidad y los beneficios de estudiar en la universidad p\u00fablica.<\/p>\n\n\n\n<p class=\"wp-block-paragraph\">En tanto, la Sala B contar\u00e1 con exposiciones de la Direcci\u00f3n de Inclusi\u00f3n, Discapacidad y Accesibilidad, la Escuela de Lenguas, c\u00e1tedras, proyectos de extensi\u00f3n y otras iniciativas de la UNLP.<\/p>\n\n\n\n<p class=\"wp-block-paragraph\">En conmemoraci\u00f3n de los 50 a\u00f1os de La Noche de los L\u00e1pices, la Secretar\u00eda de Derechos Humanos presentar\u00e1 la Plaza de la Memoria, un espacio con instalaciones, juegos y propuestas interactivas.<\/p>\n\n\n\n<p class=\"wp-block-paragraph\">Fuente: Universidad Nacional La Plata<\/p>\n\n\n<div class=\"wp-block-image\">\n<figure class=\"aligncenter size-full is-resized\"><img loading=\"lazy\" decoding=\"async\" width=\"300\" height=\"300\" src=\"https:\/\/agendadelsur.com\/wp-content\/uploads\/2026\/08\/aviso-2024-300300-Agenda-del-sur-web_Mesa-de-trabajo-1-3.jpg\" alt=\"\" class=\"wp-image-66039\" style=\"width:412px;height:auto\" srcset=\"https:\/\/agendadelsur.com\/wp-content\/uploads\/2026\/08\/aviso-2024-300300-Agenda-del-sur-web_Mesa-de-trabajo-1-3.jpg 300w, https:\/\/agendadelsur.com\/wp-content\/uploads\/2026\/08\/aviso-2024-300300-Agenda-del-sur-web_Mesa-de-trabajo-1-3-150x150.jpg 150w\" sizes=\"auto, (max-width: 300px) 100vw, 300px\" \/><\/figure>\n<\/div>","protected":false},"excerpt":{"rendered":"<p>La Universidad Nacional La Plata inaugur\u00f3 este martes una nueva edici\u00f3n de la Expo Universidad en el Pasaje Dardo Rocha, con entrada libre y gratuita. Las 17 facultades de la UNLP participar\u00e1n con stands en el Auditorio, donde estudiantes, docentes y graduados brindar\u00e1n informaci\u00f3n sobre las carreras, los perfiles profesionales y los planes de estudio. [&hellip;]<\/p>\n","protected":false},"author":2,"featured_media":66213,"comment_status":"closed","ping_status":"open","sticky":false,"template":"","format":"standard","meta":{"_jetpack_newsletter_access":"","_jetpack_dont_email_post_to_subs":false,"_jetpack_newsletter_tier_id":0,"_jetpack_memberships_contains_paywalled_content":false,"_jetpack_feature_clip_id":0,"_jetpack_memberships_contains_paid_content":false,"footnotes":"","jetpack_post_was_ever_published":false},"categories":[6293],"tags":[18672,18673],"class_list":["post-66212","post","type-post","status-publish","format-standard","has-post-thumbnail","hentry","category-la-plata","tag-comenzo-expo-universidad","tag-expo-universidad-en-la-plata"],"jetpack_sharing_enabled":true,"jetpack_featured_media_url":"https:\/\/agendadelsur.com\/wp-content\/uploads\/2026\/09\/791849016_3364872407032452_7903745966057594171_n.jpg","_links":{"self":[{"href":"https:\/\/agendadelsur.com\/index.php\/wp-json\/wp\/v2\/posts\/66212","targetHints":{"allow":["GET"]}}],"collection":[{"href":"https:\/\/agendadelsur.com\/index.php\/wp-json\/wp\/v2\/posts"}],"about":[{"href":"https:\/\/agendadelsur.com\/index.php\/wp-json\/wp\/v2\/types\/post"}],"author":[{"embeddable":true,"href":"https:\/\/agendadelsur.com\/index.php\/wp-json\/wp\/v2\/users\/2"}],"replies":[{"embeddable":true,"href":"https:\/\/agendadelsur.com\/index.php\/wp-json\/wp\/v2\/comments?post=66212"}],"version-history":[{"count":1,"href":"https:\/\/agendadelsur.com\/index.php\/wp-json\/wp\/v2\/posts\/66212\/revisions"}],"predecessor-version":[{"id":66216,"href":"https:\/\/agendadelsur.com\/index.php\/wp-json\/wp\/v2\/posts\/66212\/revisions\/66216"}],"wp:featuredmedia":[{"embeddable":true,"href":"https:\/\/agendadelsur.com\/index.php\/wp-json\/wp\/v2\/media\/66213"}],"wp:attachment":[{"href":"https:\/\/agendadelsur.com\/index.php\/wp-json\/wp\/v2\/media?parent=66212"}],"wp:term":[{"taxonomy":"category","embeddable":true,"href":"https:\/\/agendadelsur.com\/index.php\/wp-json\/wp\/v2\/categories?post=66212"},{"taxonomy":"post_tag","embeddable":true,"href":"https:\/\/agendadelsur.com\/index.php\/wp-json\/wp\/v2\/tags?post=66212"}],"curies":[{"name":"wp","href":"https:\/\/api.w.org\/{rel}","templated":true}]}}