{"id":66217,"date":"2026-09-02T14:37:46","date_gmt":"2026-09-02T17:37:46","guid":{"rendered":"https:\/\/agendadelsur.com\/?p=66217"},"modified":"2026-09-02T14:37:48","modified_gmt":"2026-09-02T17:37:48","slug":"dia-de-la-industria-en-avellaneda-record-de-inscriptos-para-la-ronda-de-negocios","status":"publish","type":"post","link":"https:\/\/agendadelsur.com\/index.php\/2026\/09\/02\/dia-de-la-industria-en-avellaneda-record-de-inscriptos-para-la-ronda-de-negocios\/","title":{"rendered":"D\u00eda de la Industria en Avellaneda: r\u00e9cord de inscriptos para la Ronda de Negocios."},"content":{"rendered":"\n<h6 class=\"wp-block-heading\">Este evento multisectorial se desarrollar\u00e1 este jueves 3 de septiembre en el Parque Municipal Multiprop\u00f3sito \u201cLa Estaci\u00f3n\u201d, en Gral. G\u00fcemes 700. En el marco del D\u00eda de la Industria, la ciudad de Avellaneda ser\u00e1 sede de una nueva Ronda de Negocios, una herramienta que tiene como finalidad generar oportunidades comerciales y fortalecer los v\u00ednculos de las diferentes empresas.<\/h6>\n\n\n<div class=\"wp-block-image\">\n<figure class=\"aligncenter size-full is-resized\"><img loading=\"lazy\" decoding=\"async\" width=\"600\" height=\"400\" src=\"https:\/\/agendadelsur.com\/wp-content\/uploads\/2026\/09\/rn-a-1.jpg\" alt=\"\" class=\"wp-image-66218\" style=\"aspect-ratio:1.5000585960389077;width:500px;height:auto\" srcset=\"https:\/\/agendadelsur.com\/wp-content\/uploads\/2026\/09\/rn-a-1.jpg 600w, https:\/\/agendadelsur.com\/wp-content\/uploads\/2026\/09\/rn-a-1-300x200.jpg 300w\" sizes=\"auto, (max-width: 600px) 100vw, 600px\" \/><\/figure>\n<\/div>\n\n\n<p class=\"wp-block-paragraph\">Organizada por el Municipio de Avellaneda, en articulaci\u00f3n con el Ministerio de Producci\u00f3n de la Provincia de Buenos Aires y el Consorcio de Gesti\u00f3n del Puerto de Dock Sud, la jornada multisectorial tendr\u00e1 lugar ma\u00f1ana en el Parque La Estaci\u00f3n y reunir\u00e1 a m\u00e1s de 300 empresas de la ciudad para dar a conocer su producci\u00f3n, intercambiar experiencias y generar oportunidades de negocios para todos ellos. Adem\u00e1s, est\u00e1 confirmada la presencia de once misiones diplom\u00e1ticas, nueve c\u00e1maras bilaterales, cinco bancos comerciales, y cinco academias y organismos.<\/p>\n\n\n\n<p class=\"wp-block-paragraph\">En la edici\u00f3n 2026, Avellaneda presenta un r\u00e9cord de inscriptos para ser parte de este evento que, desde 2022, ya convoc\u00f3 a 25.000 pymes, grandes empresas, emprendimientos y cooperativas bonaerenses; haciendo posible la realizaci\u00f3n de m\u00e1s de 94.000 entrevistas de negocios.<\/p>\n\n\n\n<p class=\"wp-block-paragraph\">Las Rondas de Negocios son una pol\u00edtica p\u00fablica de la cartera productiva provincial para que las empresas locales obtengan nuevos proyectos, concreten ventas, generen oportunidades comerciales y fortalezcan los v\u00ednculos de las diferentes empresas. En estas jornadas se busca posibilitar el intercambio entre las empresas participantes, iniciar contactos comerciales y\/o institucionales e incentivar la creaci\u00f3n de un escenario propicio para la concreci\u00f3n de negocios, representaciones y todo aquello que impulse la competitividad.<\/p>\n\n\n\n<p class=\"wp-block-paragraph\">Prensa Avellaneda<\/p>\n\n\n<div class=\"wp-block-image\">\n<figure class=\"aligncenter size-full is-resized\"><img loading=\"lazy\" decoding=\"async\" width=\"300\" height=\"300\" src=\"https:\/\/agendadelsur.com\/wp-content\/uploads\/2026\/08\/aviso-2024-300300-Agenda-del-sur-web_Mesa-de-trabajo-1-3.jpg\" alt=\"\" class=\"wp-image-66039\" style=\"width:450px;height:auto\" srcset=\"https:\/\/agendadelsur.com\/wp-content\/uploads\/2026\/08\/aviso-2024-300300-Agenda-del-sur-web_Mesa-de-trabajo-1-3.jpg 300w, https:\/\/agendadelsur.com\/wp-content\/uploads\/2026\/08\/aviso-2024-300300-Agenda-del-sur-web_Mesa-de-trabajo-1-3-150x150.jpg 150w\" sizes=\"auto, (max-width: 300px) 100vw, 300px\" \/><\/figure>\n<\/div>","protected":false},"excerpt":{"rendered":"<p>Este evento multisectorial se desarrollar\u00e1 este jueves 3 de septiembre en el Parque Municipal Multiprop\u00f3sito \u201cLa Estaci\u00f3n\u201d, en Gral. G\u00fcemes 700. En el marco del D\u00eda de la Industria, la ciudad de Avellaneda ser\u00e1 sede de una nueva Ronda de Negocios, una herramienta que tiene como finalidad generar oportunidades comerciales y fortalecer los v\u00ednculos de [&hellip;]<\/p>\n","protected":false},"author":2,"featured_media":66218,"comment_status":"closed","ping_status":"open","sticky":false,"template":"","format":"standard","meta":{"_jetpack_newsletter_access":"","_jetpack_dont_email_post_to_subs":false,"_jetpack_newsletter_tier_id":0,"_jetpack_memberships_contains_paywalled_content":false,"_jetpack_feature_clip_id":0,"_jetpack_memberships_contains_paid_content":false,"footnotes":"","jetpack_post_was_ever_published":false},"categories":[4],"tags":[3169,18674],"class_list":["post-66217","post","type-post","status-publish","format-standard","has-post-thumbnail","hentry","category-avellaneda","tag-dia-de-la-industria","tag-dia-de-la-industria-en-avellaneda"],"jetpack_sharing_enabled":true,"jetpack_featured_media_url":"https:\/\/agendadelsur.com\/wp-content\/uploads\/2026\/09\/rn-a-1.jpg","_links":{"self":[{"href":"https:\/\/agendadelsur.com\/index.php\/wp-json\/wp\/v2\/posts\/66217","targetHints":{"allow":["GET"]}}],"collection":[{"href":"https:\/\/agendadelsur.com\/index.php\/wp-json\/wp\/v2\/posts"}],"about":[{"href":"https:\/\/agendadelsur.com\/index.php\/wp-json\/wp\/v2\/types\/post"}],"author":[{"embeddable":true,"href":"https:\/\/agendadelsur.com\/index.php\/wp-json\/wp\/v2\/users\/2"}],"replies":[{"embeddable":true,"href":"https:\/\/agendadelsur.com\/index.php\/wp-json\/wp\/v2\/comments?post=66217"}],"version-history":[{"count":1,"href":"https:\/\/agendadelsur.com\/index.php\/wp-json\/wp\/v2\/posts\/66217\/revisions"}],"predecessor-version":[{"id":66219,"href":"https:\/\/agendadelsur.com\/index.php\/wp-json\/wp\/v2\/posts\/66217\/revisions\/66219"}],"wp:featuredmedia":[{"embeddable":true,"href":"https:\/\/agendadelsur.com\/index.php\/wp-json\/wp\/v2\/media\/66218"}],"wp:attachment":[{"href":"https:\/\/agendadelsur.com\/index.php\/wp-json\/wp\/v2\/media?parent=66217"}],"wp:term":[{"taxonomy":"category","embeddable":true,"href":"https:\/\/agendadelsur.com\/index.php\/wp-json\/wp\/v2\/categories?post=66217"},{"taxonomy":"post_tag","embeddable":true,"href":"https:\/\/agendadelsur.com\/index.php\/wp-json\/wp\/v2\/tags?post=66217"}],"curies":[{"name":"wp","href":"https:\/\/api.w.org\/{rel}","templated":true}]}}