{"id":66225,"date":"2026-09-02T20:24:11","date_gmt":"2026-09-02T23:24:11","guid":{"rendered":"https:\/\/agendadelsur.com\/?p=66225"},"modified":"2026-09-02T20:24:12","modified_gmt":"2026-09-02T23:24:12","slug":"la-utn-avellaneda-da-inicio-al-curso-de-cerrajeria-basica-2","status":"publish","type":"post","link":"https:\/\/agendadelsur.com\/index.php\/2026\/09\/02\/la-utn-avellaneda-da-inicio-al-curso-de-cerrajeria-basica-2\/","title":{"rendered":"La UTN Avellaneda da inicio al curso de Cerrajer\u00eda B\u00e1sica"},"content":{"rendered":"\n<h6 class=\"wp-block-heading\">Se encuentra abierta la inscripci\u00f3n al curso de cerrajer\u00eda b\u00e1sica que dicta la UTN Avellaneda, desde su Secretar\u00eda de Cultura y Extensi\u00f3n Universitaria, dirigido a toda la comunidad.<\/h6>\n\n\n<div class=\"wp-block-image\">\n<figure class=\"aligncenter size-full is-resized\"><img loading=\"lazy\" decoding=\"async\" width=\"600\" height=\"400\" src=\"https:\/\/agendadelsur.com\/wp-content\/uploads\/2026\/09\/785214324_1482476163686261_8890064014155857851_n.jpg\" alt=\"\" class=\"wp-image-66226\" style=\"aspect-ratio:1.5000585960389077;width:526px;height:auto\" srcset=\"https:\/\/agendadelsur.com\/wp-content\/uploads\/2026\/09\/785214324_1482476163686261_8890064014155857851_n.jpg 600w, https:\/\/agendadelsur.com\/wp-content\/uploads\/2026\/09\/785214324_1482476163686261_8890064014155857851_n-300x200.jpg 300w\" sizes=\"auto, (max-width: 600px) 100vw, 600px\" \/><\/figure>\n<\/div>\n\n\n<p class=\"wp-block-paragraph\">La capacitaci\u00f3n se dictar\u00e1 en forma presencial, los jueves de 19 a 22 h a partir del 10 de septiembre, y tendr\u00e1 una duraci\u00f3n de cuatro meses. El objetivo es aportar formaci\u00f3n en temas como reparaci\u00f3n, colocaci\u00f3n y caracter\u00edsticas de distintos tipos de cerraduras; confecci\u00f3n de llaves; detecci\u00f3n de fallas; normas de seguridad, y manejo de herramientas y mecanismos.<\/p>\n\n\n\n<p class=\"wp-block-paragraph\">Para mayor informaci\u00f3n e inscripciones ingresar en&nbsp;<a href=\"https:\/\/extensionfra.com.ar\/courses\/cerrajeria\/\" target=\"_blank\" rel=\"noreferrer noopener\">https:\/\/extensionfra.com.ar\/courses\/cerrajeria\/<\/a>&nbsp;o comunicarse al WhatsApp 1135012026, al 4201-7211, por mail a&nbsp;<a href=\"mailto:extension@fra.utn.edu.ar\" target=\"_blank\" rel=\"noreferrer noopener\">extension@fra.utn.edu.ar<\/a>&nbsp;o al Instagram @extension.utnavellaneda<\/p>\n\n\n\n<p class=\"wp-block-paragraph\">Fuente: Prensa y Difusi\u00f3n UTN Avellaneda<\/p>\n\n\n<div class=\"wp-block-image\">\n<figure class=\"aligncenter size-full is-resized\"><img loading=\"lazy\" decoding=\"async\" width=\"300\" height=\"300\" src=\"https:\/\/agendadelsur.com\/wp-content\/uploads\/2026\/08\/TOTAL-2-3.jpg\" alt=\"\" class=\"wp-image-66059\" style=\"width:508px;height:auto\" srcset=\"https:\/\/agendadelsur.com\/wp-content\/uploads\/2026\/08\/TOTAL-2-3.jpg 300w, https:\/\/agendadelsur.com\/wp-content\/uploads\/2026\/08\/TOTAL-2-3-150x150.jpg 150w\" sizes=\"auto, (max-width: 300px) 100vw, 300px\" \/><\/figure>\n<\/div>","protected":false},"excerpt":{"rendered":"<p>Se encuentra abierta la inscripci\u00f3n al curso de cerrajer\u00eda b\u00e1sica que dicta la UTN Avellaneda, desde su Secretar\u00eda de Cultura y Extensi\u00f3n Universitaria, dirigido a toda la comunidad. La capacitaci\u00f3n se dictar\u00e1 en forma presencial, los jueves de 19 a 22 h a partir del 10 de septiembre, y tendr\u00e1 una duraci\u00f3n de cuatro meses. [&hellip;]<\/p>\n","protected":false},"author":2,"featured_media":66226,"comment_status":"closed","ping_status":"open","sticky":false,"template":"","format":"standard","meta":{"_jetpack_newsletter_access":"","_jetpack_dont_email_post_to_subs":false,"_jetpack_newsletter_tier_id":0,"_jetpack_memberships_contains_paywalled_content":false,"_jetpack_feature_clip_id":0,"_jetpack_memberships_contains_paid_content":false,"footnotes":"","jetpack_post_was_ever_published":false},"categories":[4],"tags":[18333,132,661],"class_list":["post-66225","post","type-post","status-publish","format-standard","has-post-thumbnail","hentry","category-avellaneda","tag-curso-de-cerrajeria-basica-utn","tag-utn","tag-utn-avellaneda-2"],"jetpack_sharing_enabled":true,"jetpack_featured_media_url":"https:\/\/agendadelsur.com\/wp-content\/uploads\/2026\/09\/785214324_1482476163686261_8890064014155857851_n.jpg","_links":{"self":[{"href":"https:\/\/agendadelsur.com\/index.php\/wp-json\/wp\/v2\/posts\/66225","targetHints":{"allow":["GET"]}}],"collection":[{"href":"https:\/\/agendadelsur.com\/index.php\/wp-json\/wp\/v2\/posts"}],"about":[{"href":"https:\/\/agendadelsur.com\/index.php\/wp-json\/wp\/v2\/types\/post"}],"author":[{"embeddable":true,"href":"https:\/\/agendadelsur.com\/index.php\/wp-json\/wp\/v2\/users\/2"}],"replies":[{"embeddable":true,"href":"https:\/\/agendadelsur.com\/index.php\/wp-json\/wp\/v2\/comments?post=66225"}],"version-history":[{"count":1,"href":"https:\/\/agendadelsur.com\/index.php\/wp-json\/wp\/v2\/posts\/66225\/revisions"}],"predecessor-version":[{"id":66227,"href":"https:\/\/agendadelsur.com\/index.php\/wp-json\/wp\/v2\/posts\/66225\/revisions\/66227"}],"wp:featuredmedia":[{"embeddable":true,"href":"https:\/\/agendadelsur.com\/index.php\/wp-json\/wp\/v2\/media\/66226"}],"wp:attachment":[{"href":"https:\/\/agendadelsur.com\/index.php\/wp-json\/wp\/v2\/media?parent=66225"}],"wp:term":[{"taxonomy":"category","embeddable":true,"href":"https:\/\/agendadelsur.com\/index.php\/wp-json\/wp\/v2\/categories?post=66225"},{"taxonomy":"post_tag","embeddable":true,"href":"https:\/\/agendadelsur.com\/index.php\/wp-json\/wp\/v2\/tags?post=66225"}],"curies":[{"name":"wp","href":"https:\/\/api.w.org\/{rel}","templated":true}]}}