{"id":66228,"date":"2026-09-02T20:49:49","date_gmt":"2026-09-02T23:49:49","guid":{"rendered":"https:\/\/agendadelsur.com\/?p=66228"},"modified":"2026-09-02T20:50:05","modified_gmt":"2026-09-02T23:50:05","slug":"lanus-cuenta-con-un-nuevo-centro-de-monitoreo","status":"publish","type":"post","link":"https:\/\/agendadelsur.com\/index.php\/2026\/09\/02\/lanus-cuenta-con-un-nuevo-centro-de-monitoreo\/","title":{"rendered":"Lan\u00fas Cuenta con un Nuevo Centro de Monitoreo"},"content":{"rendered":"\n<h6 class=\"wp-block-heading\">Lan\u00fas Gobierno puso en funcionamiento el nuevo Centro de Monitoreo del Parque Central Las Colonias, el cual forma parte del Plan Integral de Seguridad Ciudadana y permite monitorear las 24 horas del d\u00eda, los siete d\u00edas de la semana, las inmediaciones de las Escuelas de Educaci\u00f3n Secundaria (EES) N\u00b0 8 \u201cLuis Piedrabuena\u201d, de Educaci\u00f3n Secundaria T\u00e9cnica (EEST) N\u00b0 5 \u201cJohn. F. Kennedy\u201d, de Educaci\u00f3n Especial (EEE) N\u00b0 509 y el interior del Parque.<\/h6>\n\n\n<div class=\"wp-block-image\">\n<figure class=\"aligncenter size-full\"><img loading=\"lazy\" decoding=\"async\" width=\"547\" height=\"365\" src=\"https:\/\/agendadelsur.com\/wp-content\/uploads\/2026\/09\/5-1.jpg\" alt=\"\" class=\"wp-image-66230\" srcset=\"https:\/\/agendadelsur.com\/wp-content\/uploads\/2026\/09\/5-1.jpg 547w, https:\/\/agendadelsur.com\/wp-content\/uploads\/2026\/09\/5-1-300x200.jpg 300w\" sizes=\"auto, (max-width: 547px) 100vw, 547px\" \/><\/figure>\n<\/div>\n\n\n<p class=\"wp-block-paragraph\">Este espacio cuenta con personal capacitado, un videowall de \u00faltima generaci\u00f3n para visualizaci\u00f3n integrada y, a su vez, permite la supervisi\u00f3n en tiempo real de las 31 c\u00e1maras instaladas en el Parque, junto a las nueve c\u00e1maras en la EES\u00b0 8 y otras 18 en la EEST N\u00b0 5.<\/p>\n\n\n\n<p class=\"wp-block-paragraph\">Esta acci\u00f3n se suma a la instalaci\u00f3n de cinco t\u00f3tems de seguridad distribuidos en diferentes puntos estrat\u00e9gicos del Parque, y al sistema de alarmas con los que cuentan ambas instituciones educativas.<\/p>\n\n\n\n<p class=\"wp-block-paragraph\">En ese marco, se construyeron dos nuevos senderos seguros que facilitan la accesibilidad al Centro de Monitoreo, con nueva iluminaci\u00f3n y en los que habr\u00e1 un patrullaje permanente por parte de los equipos de seguridad municipal.<\/p>\n\n\n\n<p class=\"wp-block-paragraph\">Mediante el Plan Integral de Seguridad que implement\u00f3 el intendente Juli\u00e1n \u00c1lvarez desde el inicio de su mandato, se triplic\u00f3 el patrullaje en la ciudad a partir de la adquisici\u00f3n de 147 veh\u00edculos, 38 motos y m\u00e1s de 450 agentes; se puso en marcha la base de la Fuerza Barrial de Aproximaci\u00f3n en Remedios de Escalada; se lanz\u00f3 la Escuela de Polic\u00eda Municipal de Lan\u00fas, donde 120 cadetes contin\u00faan capacit\u00e1ndose; se colocaron m\u00e1s de 470 alarmas vecinales y m\u00e1s de 140 c\u00e1maras de videovigilancia.<\/p>\n\n\n\n<p class=\"wp-block-paragraph\">Como as\u00ed tambi\u00e9n se armaron nuevos esquemas de prevenci\u00f3n compuestos por la Patrulla de Ordenamiento Urbano, que cuenta con 20 nuevas camionetas; caminantes en centros comerciales; ciclistas en los Parques Municipales y guardaparques. Al igual que se instal\u00f3 el nuevo Anillo Digital, con m\u00e1s de 40 c\u00e1maras lectoras de patente y 10 p\u00f3rticos en los principales ingresos y egresos, entre otras acciones.<\/p>\n\n\n\n<p class=\"wp-block-paragraph\">Fuente: Municipio de Lan\u00fas<\/p>\n\n\n<div class=\"wp-block-image\">\n<figure class=\"aligncenter size-full is-resized\"><img loading=\"lazy\" decoding=\"async\" width=\"300\" height=\"300\" src=\"https:\/\/agendadelsur.com\/wp-content\/uploads\/2026\/08\/TOTAL-2-3.jpg\" alt=\"\" class=\"wp-image-66059\" style=\"width:464px;height:auto\" srcset=\"https:\/\/agendadelsur.com\/wp-content\/uploads\/2026\/08\/TOTAL-2-3.jpg 300w, https:\/\/agendadelsur.com\/wp-content\/uploads\/2026\/08\/TOTAL-2-3-150x150.jpg 150w\" sizes=\"auto, (max-width: 300px) 100vw, 300px\" \/><\/figure>\n<\/div>","protected":false},"excerpt":{"rendered":"<p>Lan\u00fas Gobierno puso en funcionamiento el nuevo Centro de Monitoreo del Parque Central Las Colonias, el cual forma parte del Plan Integral de Seguridad Ciudadana y permite monitorear las 24 horas del d\u00eda, los siete d\u00edas de la semana, las inmediaciones de las Escuelas de Educaci\u00f3n Secundaria (EES) N\u00b0 8 \u201cLuis Piedrabuena\u201d, de Educaci\u00f3n Secundaria [&hellip;]<\/p>\n","protected":false},"author":2,"featured_media":66229,"comment_status":"closed","ping_status":"open","sticky":false,"template":"","format":"standard","meta":{"_jetpack_newsletter_access":"","_jetpack_dont_email_post_to_subs":false,"_jetpack_newsletter_tier_id":0,"_jetpack_memberships_contains_paywalled_content":false,"_jetpack_feature_clip_id":0,"_jetpack_memberships_contains_paid_content":false,"footnotes":"","jetpack_post_was_ever_published":false},"categories":[5247],"tags":[18676,5276,12074],"class_list":["post-66228","post","type-post","status-publish","format-standard","has-post-thumbnail","hentry","category-lanus","tag-centro-de-monitoreo-en-lanus","tag-lanus-2","tag-partido-de-lanus"],"jetpack_sharing_enabled":true,"jetpack_featured_media_url":"https:\/\/agendadelsur.com\/wp-content\/uploads\/2026\/09\/10.Bnuevo-centro-de-monitoreo-del-parque-central-las-colonias-d1o4v.jpeg","_links":{"self":[{"href":"https:\/\/agendadelsur.com\/index.php\/wp-json\/wp\/v2\/posts\/66228","targetHints":{"allow":["GET"]}}],"collection":[{"href":"https:\/\/agendadelsur.com\/index.php\/wp-json\/wp\/v2\/posts"}],"about":[{"href":"https:\/\/agendadelsur.com\/index.php\/wp-json\/wp\/v2\/types\/post"}],"author":[{"embeddable":true,"href":"https:\/\/agendadelsur.com\/index.php\/wp-json\/wp\/v2\/users\/2"}],"replies":[{"embeddable":true,"href":"https:\/\/agendadelsur.com\/index.php\/wp-json\/wp\/v2\/comments?post=66228"}],"version-history":[{"count":2,"href":"https:\/\/agendadelsur.com\/index.php\/wp-json\/wp\/v2\/posts\/66228\/revisions"}],"predecessor-version":[{"id":66232,"href":"https:\/\/agendadelsur.com\/index.php\/wp-json\/wp\/v2\/posts\/66228\/revisions\/66232"}],"wp:featuredmedia":[{"embeddable":true,"href":"https:\/\/agendadelsur.com\/index.php\/wp-json\/wp\/v2\/media\/66229"}],"wp:attachment":[{"href":"https:\/\/agendadelsur.com\/index.php\/wp-json\/wp\/v2\/media?parent=66228"}],"wp:term":[{"taxonomy":"category","embeddable":true,"href":"https:\/\/agendadelsur.com\/index.php\/wp-json\/wp\/v2\/categories?post=66228"},{"taxonomy":"post_tag","embeddable":true,"href":"https:\/\/agendadelsur.com\/index.php\/wp-json\/wp\/v2\/tags?post=66228"}],"curies":[{"name":"wp","href":"https:\/\/api.w.org\/{rel}","templated":true}]}}