{"id":66234,"date":"2026-09-02T20:54:31","date_gmt":"2026-09-02T23:54:31","guid":{"rendered":"https:\/\/agendadelsur.com\/?p=66234"},"modified":"2026-09-02T20:54:32","modified_gmt":"2026-09-02T23:54:32","slug":"convenio-de-ate-con-el-municipio-de-san-vicente-para-que-afiliadxs-puedan-acceder-a-lotes","status":"publish","type":"post","link":"https:\/\/agendadelsur.com\/index.php\/2026\/09\/02\/convenio-de-ate-con-el-municipio-de-san-vicente-para-que-afiliadxs-puedan-acceder-a-lotes\/","title":{"rendered":"Convenio de ATE con el Municipio de San Vicente para que afiliadxs puedan acceder a lotes"},"content":{"rendered":"\n<h6 class=\"wp-block-heading\">Daniel Catalano, Secretario General de la Asociaci\u00f3n de Trabajadores del Estado (Capital) firm\u00f3 un convenio con Nicol\u00e1s Mantegazza de la Comuna de San Vicente que permitir\u00e1 que afiliadas y afiliados de ATE Capital puedan acceder a lotes con servicios en el barrio Carola Lorenzini.<\/h6>\n\n\n<div class=\"wp-block-image\">\n<figure class=\"aligncenter size-full\"><img loading=\"lazy\" decoding=\"async\" width=\"500\" height=\"332\" src=\"https:\/\/agendadelsur.com\/wp-content\/uploads\/2026\/09\/19.jpg\" alt=\"\" class=\"wp-image-66236\" srcset=\"https:\/\/agendadelsur.com\/wp-content\/uploads\/2026\/09\/19.jpg 500w, https:\/\/agendadelsur.com\/wp-content\/uploads\/2026\/09\/19-300x199.jpg 300w\" sizes=\"auto, (max-width: 500px) 100vw, 500px\" \/><\/figure>\n<\/div>\n\n\n<p class=\"wp-block-paragraph\">\u201cEn un momento en el que acceder a la tierra y a la vivienda es cada vez m\u00e1s dif\u00edcil para las familias trabajadoras, organizarse tambi\u00e9n es construir respuestas concretas desde el sindicato\u201d. \u201cA pesar del ajuste, en ATE Capital seguimos haciendo el esfuerzo para construir derechos y mejorar la vida de nuestros afiliados y afiliadas\u201d<\/p>\n\n\n\n<p class=\"wp-block-paragraph\">\u201cUn paso m\u00e1s para la casa propia\u201d, expres\u00f3 Catalano sobre el acuerdo.<\/p>\n\n\n\n<p class=\"wp-block-paragraph\">Fuente: ATE Capital.<\/p>\n\n\n<div class=\"wp-block-image\">\n<figure class=\"aligncenter size-full is-resized\"><img loading=\"lazy\" decoding=\"async\" width=\"620\" height=\"324\" src=\"https:\/\/agendadelsur.com\/wp-content\/uploads\/2026\/09\/Toda-la-Informacion-Necesaria-de-Avellaneda-de-Toda-la-Region-y-Mas\u2026.png\" alt=\"\" class=\"wp-image-66198\" style=\"aspect-ratio:1.9136725343621894;width:502px;height:auto\" srcset=\"https:\/\/agendadelsur.com\/wp-content\/uploads\/2026\/09\/Toda-la-Informacion-Necesaria-de-Avellaneda-de-Toda-la-Region-y-Mas\u2026.png 620w, https:\/\/agendadelsur.com\/wp-content\/uploads\/2026\/09\/Toda-la-Informacion-Necesaria-de-Avellaneda-de-Toda-la-Region-y-Mas\u2026-300x157.png 300w\" sizes=\"auto, (max-width: 620px) 100vw, 620px\" \/><\/figure>\n<\/div>","protected":false},"excerpt":{"rendered":"<p>Daniel Catalano, Secretario General de la Asociaci\u00f3n de Trabajadores del Estado (Capital) firm\u00f3 un convenio con Nicol\u00e1s Mantegazza de la Comuna de San Vicente que permitir\u00e1 que afiliadas y afiliados de ATE Capital puedan acceder a lotes con servicios en el barrio Carola Lorenzini. \u201cEn un momento en el que acceder a la tierra y [&hellip;]<\/p>\n","protected":false},"author":2,"featured_media":66235,"comment_status":"closed","ping_status":"open","sticky":false,"template":"","format":"standard","meta":{"_jetpack_newsletter_access":"","_jetpack_dont_email_post_to_subs":false,"_jetpack_newsletter_tier_id":0,"_jetpack_memberships_contains_paywalled_content":false,"_jetpack_feature_clip_id":0,"_jetpack_memberships_contains_paid_content":false,"footnotes":"","jetpack_post_was_ever_published":false},"categories":[926],"tags":[],"class_list":["post-66234","post","type-post","status-publish","format-standard","has-post-thumbnail","hentry","category-ciudad-de-buenos-aires"],"jetpack_sharing_enabled":true,"jetpack_featured_media_url":"https:\/\/agendadelsur.com\/wp-content\/uploads\/2026\/09\/17.jpg","_links":{"self":[{"href":"https:\/\/agendadelsur.com\/index.php\/wp-json\/wp\/v2\/posts\/66234","targetHints":{"allow":["GET"]}}],"collection":[{"href":"https:\/\/agendadelsur.com\/index.php\/wp-json\/wp\/v2\/posts"}],"about":[{"href":"https:\/\/agendadelsur.com\/index.php\/wp-json\/wp\/v2\/types\/post"}],"author":[{"embeddable":true,"href":"https:\/\/agendadelsur.com\/index.php\/wp-json\/wp\/v2\/users\/2"}],"replies":[{"embeddable":true,"href":"https:\/\/agendadelsur.com\/index.php\/wp-json\/wp\/v2\/comments?post=66234"}],"version-history":[{"count":1,"href":"https:\/\/agendadelsur.com\/index.php\/wp-json\/wp\/v2\/posts\/66234\/revisions"}],"predecessor-version":[{"id":66237,"href":"https:\/\/agendadelsur.com\/index.php\/wp-json\/wp\/v2\/posts\/66234\/revisions\/66237"}],"wp:featuredmedia":[{"embeddable":true,"href":"https:\/\/agendadelsur.com\/index.php\/wp-json\/wp\/v2\/media\/66235"}],"wp:attachment":[{"href":"https:\/\/agendadelsur.com\/index.php\/wp-json\/wp\/v2\/media?parent=66234"}],"wp:term":[{"taxonomy":"category","embeddable":true,"href":"https:\/\/agendadelsur.com\/index.php\/wp-json\/wp\/v2\/categories?post=66234"},{"taxonomy":"post_tag","embeddable":true,"href":"https:\/\/agendadelsur.com\/index.php\/wp-json\/wp\/v2\/tags?post=66234"}],"curies":[{"name":"wp","href":"https:\/\/api.w.org\/{rel}","templated":true}]}}