{"id":66247,"date":"2026-09-03T16:41:31","date_gmt":"2026-09-03T19:41:31","guid":{"rendered":"https:\/\/agendadelsur.com\/?p=66247"},"modified":"2026-09-03T16:41:33","modified_gmt":"2026-09-03T19:41:33","slug":"nueva-capacitacion-la-utn-avellaneda-ensena-cesteria-nordica","status":"publish","type":"post","link":"https:\/\/agendadelsur.com\/index.php\/2026\/09\/03\/nueva-capacitacion-la-utn-avellaneda-ensena-cesteria-nordica\/","title":{"rendered":"Nueva capacitaci\u00f3n: la UTN Avellaneda ense\u00f1a cester\u00eda n\u00f3rdica"},"content":{"rendered":"\n<h6 class=\"wp-block-heading\">Siguiendo la premisa de ense\u00f1ar los aspectos b\u00e1sicos en la elaboraci\u00f3n de productos de cester\u00eda tanto para conocimiento personal como para emprendimiento laboral, la UTN Avellaneda, desde la Secretar\u00eda de Cultura y Extensi\u00f3n Universitaria, da comienzo al curso de cester\u00eda n\u00f3rdica para principiantes. Inicia en septiembre, con clases los mi\u00e9rcoles.<\/h6>\n\n\n<div class=\"wp-block-image\">\n<figure class=\"aligncenter size-full is-resized\"><img loading=\"lazy\" decoding=\"async\" width=\"600\" height=\"400\" src=\"https:\/\/agendadelsur.com\/wp-content\/uploads\/2026\/09\/1.-Cesteria-Nordica-Nivel-principiantes-EMPR-600x600-1.png\" alt=\"\" class=\"wp-image-66248\" style=\"aspect-ratio:1.5000585960389077;width:440px;height:auto\" srcset=\"https:\/\/agendadelsur.com\/wp-content\/uploads\/2026\/09\/1.-Cesteria-Nordica-Nivel-principiantes-EMPR-600x600-1.png 600w, https:\/\/agendadelsur.com\/wp-content\/uploads\/2026\/09\/1.-Cesteria-Nordica-Nivel-principiantes-EMPR-600x600-1-300x200.png 300w\" sizes=\"auto, (max-width: 600px) 100vw, 600px\" \/><\/figure>\n<\/div>\n\n\n<p class=\"wp-block-paragraph\">Las clases se dictar\u00e1n los martes de 15 a 17 h, a partir del 8 de septiembre, en forma presencial. La duraci\u00f3n es de un mes de cursada y se aportar\u00e1n saberes sobre producci\u00f3n de platos y posavasos, producci\u00f3n redonda y ovalada e incorporaci\u00f3n de colores.<\/p>\n\n\n\n<p class=\"wp-block-paragraph\">Por m\u00e1s informaci\u00f3n e inscripciones ingresar en&nbsp;<a href=\"https:\/\/extensionfra.com.ar\/courses\/cesteria-nordica-nivel-i\/\" target=\"_blank\" rel=\"noreferrer noopener\">https:\/\/extensionfra.com.ar\/courses\/cesteria-nordica-nivel-i\/<\/a>&nbsp;o comunicarse al WhatsApp 1135012026, al 4201-7211, por mail a&nbsp;<a href=\"mailto:extension@fra.utn.edu.ar\" target=\"_blank\" rel=\"noreferrer noopener\">extension@fra.utn.edu.ar<\/a>&nbsp;o al Instagram @extension.utnavellaneda<\/p>\n\n\n\n<p class=\"wp-block-paragraph\">Fuente: Prensa y Difusi\u00f3n UTN Avellaneda<\/p>\n\n\n<div class=\"wp-block-image\">\n<figure class=\"aligncenter size-full is-resized\"><img loading=\"lazy\" decoding=\"async\" width=\"300\" height=\"252\" src=\"https:\/\/agendadelsur.com\/wp-content\/uploads\/2026\/08\/A-COSMETOLOGA-N-300x252-3.jpg\" alt=\"\" class=\"wp-image-66051\" style=\"aspect-ratio:1.190550009301172;width:440px;height:auto\"\/><\/figure>\n<\/div>","protected":false},"excerpt":{"rendered":"<p>Siguiendo la premisa de ense\u00f1ar los aspectos b\u00e1sicos en la elaboraci\u00f3n de productos de cester\u00eda tanto para conocimiento personal como para emprendimiento laboral, la UTN Avellaneda, desde la Secretar\u00eda de Cultura y Extensi\u00f3n Universitaria, da comienzo al curso de cester\u00eda n\u00f3rdica para principiantes. Inicia en septiembre, con clases los mi\u00e9rcoles. Las clases se dictar\u00e1n los [&hellip;]<\/p>\n","protected":false},"author":2,"featured_media":66248,"comment_status":"closed","ping_status":"open","sticky":false,"template":"","format":"standard","meta":{"_jetpack_newsletter_access":"","_jetpack_dont_email_post_to_subs":false,"_jetpack_newsletter_tier_id":0,"_jetpack_memberships_contains_paywalled_content":false,"_jetpack_feature_clip_id":0,"_jetpack_memberships_contains_paid_content":false,"footnotes":"","jetpack_post_was_ever_published":false},"categories":[4],"tags":[18683,18682,18681],"class_list":["post-66247","post","type-post","status-publish","format-standard","has-post-thumbnail","hentry","category-avellaneda","tag-cesteria-nordica","tag-ensena-cesteria-nordica","tag-ensena-cesteria-nordica-utn"],"jetpack_sharing_enabled":true,"jetpack_featured_media_url":"https:\/\/agendadelsur.com\/wp-content\/uploads\/2026\/09\/1.-Cesteria-Nordica-Nivel-principiantes-EMPR-600x600-1.png","_links":{"self":[{"href":"https:\/\/agendadelsur.com\/index.php\/wp-json\/wp\/v2\/posts\/66247","targetHints":{"allow":["GET"]}}],"collection":[{"href":"https:\/\/agendadelsur.com\/index.php\/wp-json\/wp\/v2\/posts"}],"about":[{"href":"https:\/\/agendadelsur.com\/index.php\/wp-json\/wp\/v2\/types\/post"}],"author":[{"embeddable":true,"href":"https:\/\/agendadelsur.com\/index.php\/wp-json\/wp\/v2\/users\/2"}],"replies":[{"embeddable":true,"href":"https:\/\/agendadelsur.com\/index.php\/wp-json\/wp\/v2\/comments?post=66247"}],"version-history":[{"count":1,"href":"https:\/\/agendadelsur.com\/index.php\/wp-json\/wp\/v2\/posts\/66247\/revisions"}],"predecessor-version":[{"id":66249,"href":"https:\/\/agendadelsur.com\/index.php\/wp-json\/wp\/v2\/posts\/66247\/revisions\/66249"}],"wp:featuredmedia":[{"embeddable":true,"href":"https:\/\/agendadelsur.com\/index.php\/wp-json\/wp\/v2\/media\/66248"}],"wp:attachment":[{"href":"https:\/\/agendadelsur.com\/index.php\/wp-json\/wp\/v2\/media?parent=66247"}],"wp:term":[{"taxonomy":"category","embeddable":true,"href":"https:\/\/agendadelsur.com\/index.php\/wp-json\/wp\/v2\/categories?post=66247"},{"taxonomy":"post_tag","embeddable":true,"href":"https:\/\/agendadelsur.com\/index.php\/wp-json\/wp\/v2\/tags?post=66247"}],"curies":[{"name":"wp","href":"https:\/\/api.w.org\/{rel}","templated":true}]}}