{"id":66258,"date":"2026-09-04T00:01:05","date_gmt":"2026-09-04T03:01:05","guid":{"rendered":"https:\/\/agendadelsur.com\/?p=66258"},"modified":"2026-09-04T00:01:06","modified_gmt":"2026-09-04T03:01:06","slug":"mas-de-70-organizaciones-misioneras-preparan-una-protesta-en-puerto-iguazu-durante-la-visita-de-milei","status":"publish","type":"post","link":"https:\/\/agendadelsur.com\/index.php\/2026\/09\/04\/mas-de-70-organizaciones-misioneras-preparan-una-protesta-en-puerto-iguazu-durante-la-visita-de-milei\/","title":{"rendered":"M\u00e1s de 70 organizaciones misioneras preparan una protesta en Puerto Iguaz\u00fa durante la visita de Milei"},"content":{"rendered":"\n<h6 class=\"wp-block-heading\">La movilizaci\u00f3n est\u00e1 prevista para este viernes 4 de septiembre, el mismo d\u00eda en que se anunci\u00f3 la llegada del presidente a un evento privado organizado por la IAEF. Sindicatos, agrupaciones sociales, pol\u00edticas, estudiantiles, culturales y productivas marchar\u00e1n bajo la consigna &#8220;La Patria no se vende \u2013 Misiones no se vende&#8221;.<\/h6>\n\n\n<div class=\"wp-block-image\">\n<figure class=\"aligncenter size-full\"><img loading=\"lazy\" decoding=\"async\" width=\"500\" height=\"414\" src=\"https:\/\/agendadelsur.com\/wp-content\/uploads\/2026\/09\/11.jpg\" alt=\"\" class=\"wp-image-66260\" srcset=\"https:\/\/agendadelsur.com\/wp-content\/uploads\/2026\/09\/11.jpg 500w, https:\/\/agendadelsur.com\/wp-content\/uploads\/2026\/09\/11-300x248.jpg 300w\" sizes=\"auto, (max-width: 500px) 100vw, 500px\" \/><\/figure>\n<\/div>\n\n\n<p class=\"wp-block-paragraph\">Puerto Iguaz\u00fa ser\u00e1 escenario de una jornada de protesta el pr\u00f3ximo viernes 4 de septiembre, cuando est\u00e1 anunciada la visita del presidente Javier Milei. La convocatoria ya suma la adhesi\u00f3n de m\u00e1s de 70 organizaciones de distintos puntos de Misiones, que buscan manifestar su rechazo a las pol\u00edticas del Gobierno nacional.<\/p>\n\n\n\n<p class=\"wp-block-paragraph\">El llamado apunta a reunir a un abanico amplio de sectores: gremios, movimientos sociales y pol\u00edticos, agrupaciones juveniles, centros de estudiantes, referentes culturales, productores y vecinos que quieran acompa\u00f1ar la medida.<\/p>\n\n\n\n<p class=\"wp-block-paragraph\">Fuente: Canal Seis Posadas<\/p>\n\n\n<div class=\"wp-block-image\">\n<figure class=\"aligncenter size-full is-resized\"><img loading=\"lazy\" decoding=\"async\" width=\"700\" height=\"366\" src=\"https:\/\/agendadelsur.com\/wp-content\/uploads\/2026\/08\/Toda-la-Informacion-Necesaria-de-Avellaneda-de-Toda-la-Region-y-Mas\u2026-1.png\" alt=\"\" class=\"wp-image-65647\" style=\"aspect-ratio:1.9126499594415745;width:470px;height:auto\" srcset=\"https:\/\/agendadelsur.com\/wp-content\/uploads\/2026\/08\/Toda-la-Informacion-Necesaria-de-Avellaneda-de-Toda-la-Region-y-Mas\u2026-1.png 700w, https:\/\/agendadelsur.com\/wp-content\/uploads\/2026\/08\/Toda-la-Informacion-Necesaria-de-Avellaneda-de-Toda-la-Region-y-Mas\u2026-1-300x157.png 300w\" sizes=\"auto, (max-width: 700px) 100vw, 700px\" \/><\/figure>\n<\/div>","protected":false},"excerpt":{"rendered":"<p>La movilizaci\u00f3n est\u00e1 prevista para este viernes 4 de septiembre, el mismo d\u00eda en que se anunci\u00f3 la llegada del presidente a un evento privado organizado por la IAEF. Sindicatos, agrupaciones sociales, pol\u00edticas, estudiantiles, culturales y productivas marchar\u00e1n bajo la consigna &#8220;La Patria no se vende \u2013 Misiones no se vende&#8221;. Puerto Iguaz\u00fa ser\u00e1 escenario [&hellip;]<\/p>\n","protected":false},"author":2,"featured_media":66259,"comment_status":"closed","ping_status":"open","sticky":false,"template":"","format":"standard","meta":{"_jetpack_newsletter_access":"","_jetpack_dont_email_post_to_subs":false,"_jetpack_newsletter_tier_id":0,"_jetpack_memberships_contains_paywalled_content":false,"_jetpack_feature_clip_id":0,"_jetpack_memberships_contains_paid_content":false,"footnotes":"","jetpack_post_was_ever_published":false},"categories":[6600],"tags":[],"class_list":["post-66258","post","type-post","status-publish","format-standard","has-post-thumbnail","hentry","category-misiones"],"jetpack_sharing_enabled":true,"jetpack_featured_media_url":"https:\/\/agendadelsur.com\/wp-content\/uploads\/2026\/09\/10.jpg","_links":{"self":[{"href":"https:\/\/agendadelsur.com\/index.php\/wp-json\/wp\/v2\/posts\/66258","targetHints":{"allow":["GET"]}}],"collection":[{"href":"https:\/\/agendadelsur.com\/index.php\/wp-json\/wp\/v2\/posts"}],"about":[{"href":"https:\/\/agendadelsur.com\/index.php\/wp-json\/wp\/v2\/types\/post"}],"author":[{"embeddable":true,"href":"https:\/\/agendadelsur.com\/index.php\/wp-json\/wp\/v2\/users\/2"}],"replies":[{"embeddable":true,"href":"https:\/\/agendadelsur.com\/index.php\/wp-json\/wp\/v2\/comments?post=66258"}],"version-history":[{"count":1,"href":"https:\/\/agendadelsur.com\/index.php\/wp-json\/wp\/v2\/posts\/66258\/revisions"}],"predecessor-version":[{"id":66261,"href":"https:\/\/agendadelsur.com\/index.php\/wp-json\/wp\/v2\/posts\/66258\/revisions\/66261"}],"wp:featuredmedia":[{"embeddable":true,"href":"https:\/\/agendadelsur.com\/index.php\/wp-json\/wp\/v2\/media\/66259"}],"wp:attachment":[{"href":"https:\/\/agendadelsur.com\/index.php\/wp-json\/wp\/v2\/media?parent=66258"}],"wp:term":[{"taxonomy":"category","embeddable":true,"href":"https:\/\/agendadelsur.com\/index.php\/wp-json\/wp\/v2\/categories?post=66258"},{"taxonomy":"post_tag","embeddable":true,"href":"https:\/\/agendadelsur.com\/index.php\/wp-json\/wp\/v2\/tags?post=66258"}],"curies":[{"name":"wp","href":"https:\/\/api.w.org\/{rel}","templated":true}]}}