{"id":66262,"date":"2026-09-04T00:24:00","date_gmt":"2026-09-04T03:24:00","guid":{"rendered":"https:\/\/agendadelsur.com\/?p=66262"},"modified":"2026-09-04T00:24:00","modified_gmt":"2026-09-04T03:24:00","slug":"le-hackeron-las-neuronas-o-estados-unidos-lo-esta-usando","status":"publish","type":"post","link":"https:\/\/agendadelsur.com\/index.php\/2026\/09\/04\/le-hackeron-las-neuronas-o-estados-unidos-lo-esta-usando\/","title":{"rendered":"&#8220;Le hackeron las neuronas o Estados Unidos lo est\u00e1 usando&#8230;&#8221;"},"content":{"rendered":"\n<h5 class=\"wp-block-heading\">Lo expres\u00f3 Myriam Bregman en su cuenta X. Tras la cadena nacional grabada, de Milei sobre la soberan\u00eda y las Malvinas.<\/h5>\n\n\n<div class=\"wp-block-image\">\n<figure class=\"aligncenter size-full\"><img loading=\"lazy\" decoding=\"async\" width=\"500\" height=\"333\" src=\"https:\/\/agendadelsur.com\/wp-content\/uploads\/2026\/09\/794097305_1017534504642195_9067248830297867909_n.jpg\" alt=\"\" class=\"wp-image-66264\" srcset=\"https:\/\/agendadelsur.com\/wp-content\/uploads\/2026\/09\/794097305_1017534504642195_9067248830297867909_n.jpg 500w, https:\/\/agendadelsur.com\/wp-content\/uploads\/2026\/09\/794097305_1017534504642195_9067248830297867909_n-300x200.jpg 300w\" sizes=\"auto, (max-width: 500px) 100vw, 500px\" \/><\/figure>\n<\/div>\n\n\n<p class=\"wp-block-paragraph\">En redes sociales Bregman, Del Ca\u00f1o y distintos referentes de la izquierda lo cruzaron con dureza. El presidente anunci\u00f3 un paquete de medidas para &#8220;defender la soberania&#8221; sobre las Islas Malvinas, claro lo hace luego de que Donald Trump sostuviera que estar\u00edan dispuestos de reveer su posici\u00f3n hist\u00f3rica. La instalaci\u00f3n de una base militar en Tierra del Fuego, la conformaci\u00f3n de un consejo de seguridad nacional y la modificaci\u00f3n de la Ley de Soberan\u00eda, fueron algunos de los anuncios.<\/p>\n\n\n\n<p class=\"wp-block-paragraph\">El cuestionamiento de Milei a las inversiones petroleras en Malvinas por parte de Sea Lion, y al gobierno brit\u00e1nico, forma parte de su realineamiento regional con Estados Unidos. No es un brote de soberan\u00eda: su cipayismo y su pol\u00edtica de entrega est\u00e1n presentes en cada proyecto de ley, como el RIGI o la ley de extranjerizaci\u00f3n de la tierra.<\/p>\n\n\n\n<p class=\"wp-block-paragraph\">Fuente: La Izquierda Diario<\/p>\n\n\n<div class=\"wp-block-image\">\n<figure class=\"aligncenter size-full is-resized\"><img loading=\"lazy\" decoding=\"async\" width=\"700\" height=\"366\" src=\"https:\/\/agendadelsur.com\/wp-content\/uploads\/2026\/08\/Toda-la-Informacion-Necesaria-de-Avellaneda-de-Toda-la-Region-y-Mas\u2026-1.png\" alt=\"\" class=\"wp-image-65647\" style=\"aspect-ratio:1.9126499594415745;width:526px;height:auto\" srcset=\"https:\/\/agendadelsur.com\/wp-content\/uploads\/2026\/08\/Toda-la-Informacion-Necesaria-de-Avellaneda-de-Toda-la-Region-y-Mas\u2026-1.png 700w, https:\/\/agendadelsur.com\/wp-content\/uploads\/2026\/08\/Toda-la-Informacion-Necesaria-de-Avellaneda-de-Toda-la-Region-y-Mas\u2026-1-300x157.png 300w\" sizes=\"auto, (max-width: 700px) 100vw, 700px\" \/><\/figure>\n<\/div>","protected":false},"excerpt":{"rendered":"<p>Lo expres\u00f3 Myriam Bregman en su cuenta X. Tras la cadena nacional grabada, de Milei sobre la soberan\u00eda y las Malvinas. En redes sociales Bregman, Del Ca\u00f1o y distintos referentes de la izquierda lo cruzaron con dureza. El presidente anunci\u00f3 un paquete de medidas para &#8220;defender la soberania&#8221; sobre las Islas Malvinas, claro lo hace [&hellip;]<\/p>\n","protected":false},"author":2,"featured_media":66263,"comment_status":"closed","ping_status":"open","sticky":false,"template":"","format":"standard","meta":{"_jetpack_newsletter_access":"","_jetpack_dont_email_post_to_subs":false,"_jetpack_newsletter_tier_id":0,"_jetpack_memberships_contains_paywalled_content":false,"_jetpack_feature_clip_id":0,"_jetpack_memberships_contains_paid_content":false,"footnotes":"","jetpack_post_was_ever_published":false},"categories":[9],"tags":[18689],"class_list":["post-66262","post","type-post","status-publish","format-standard","has-post-thumbnail","hentry","category-noticias-nacionales","tag-le-hackeron-las-neuronas"],"jetpack_sharing_enabled":true,"jetpack_featured_media_url":"https:\/\/agendadelsur.com\/wp-content\/uploads\/2026\/09\/bregman-35-3f48e.jpg","_links":{"self":[{"href":"https:\/\/agendadelsur.com\/index.php\/wp-json\/wp\/v2\/posts\/66262","targetHints":{"allow":["GET"]}}],"collection":[{"href":"https:\/\/agendadelsur.com\/index.php\/wp-json\/wp\/v2\/posts"}],"about":[{"href":"https:\/\/agendadelsur.com\/index.php\/wp-json\/wp\/v2\/types\/post"}],"author":[{"embeddable":true,"href":"https:\/\/agendadelsur.com\/index.php\/wp-json\/wp\/v2\/users\/2"}],"replies":[{"embeddable":true,"href":"https:\/\/agendadelsur.com\/index.php\/wp-json\/wp\/v2\/comments?post=66262"}],"version-history":[{"count":1,"href":"https:\/\/agendadelsur.com\/index.php\/wp-json\/wp\/v2\/posts\/66262\/revisions"}],"predecessor-version":[{"id":66265,"href":"https:\/\/agendadelsur.com\/index.php\/wp-json\/wp\/v2\/posts\/66262\/revisions\/66265"}],"wp:featuredmedia":[{"embeddable":true,"href":"https:\/\/agendadelsur.com\/index.php\/wp-json\/wp\/v2\/media\/66263"}],"wp:attachment":[{"href":"https:\/\/agendadelsur.com\/index.php\/wp-json\/wp\/v2\/media?parent=66262"}],"wp:term":[{"taxonomy":"category","embeddable":true,"href":"https:\/\/agendadelsur.com\/index.php\/wp-json\/wp\/v2\/categories?post=66262"},{"taxonomy":"post_tag","embeddable":true,"href":"https:\/\/agendadelsur.com\/index.php\/wp-json\/wp\/v2\/tags?post=66262"}],"curies":[{"name":"wp","href":"https:\/\/api.w.org\/{rel}","templated":true}]}}