{"id":66272,"date":"2026-09-04T14:26:50","date_gmt":"2026-09-04T17:26:50","guid":{"rendered":"https:\/\/agendadelsur.com\/?p=66272"},"modified":"2026-09-04T14:26:51","modified_gmt":"2026-09-04T17:26:51","slug":"foro-de-pensamiento-critico-de-la-utn-avellaneda-sexto-encuentro-de-filosofia","status":"publish","type":"post","link":"https:\/\/agendadelsur.com\/index.php\/2026\/09\/04\/foro-de-pensamiento-critico-de-la-utn-avellaneda-sexto-encuentro-de-filosofia\/","title":{"rendered":"Foro de Pensamiento Cr\u00edtico de la UTN Avellaneda: sexto encuentro de Filosof\u00eda."},"content":{"rendered":"\n<h6 class=\"wp-block-heading\">El s\u00e1bado 5 de septiembre, a las 10.30 h, se realizar\u00e1 el sexto encuentro de Filosof\u00eda organizado por el Foro de Pensamiento Cr\u00edtico de la UTN Avellaneda, titulado \u201cPotencias del estar juntxs: la alegr\u00eda (parte II)\u201d.<\/h6>\n\n\n<div class=\"wp-block-image\">\n<figure class=\"aligncenter size-full is-resized\"><img loading=\"lazy\" decoding=\"async\" width=\"600\" height=\"400\" src=\"https:\/\/agendadelsur.com\/wp-content\/uploads\/2026\/09\/795664578_1376476850799635_6917361227271035192_n.jpg\" alt=\"\" class=\"wp-image-66273\" style=\"aspect-ratio:1.5000585960389077;width:464px;height:auto\" srcset=\"https:\/\/agendadelsur.com\/wp-content\/uploads\/2026\/09\/795664578_1376476850799635_6917361227271035192_n.jpg 600w, https:\/\/agendadelsur.com\/wp-content\/uploads\/2026\/09\/795664578_1376476850799635_6917361227271035192_n-300x200.jpg 300w\" sizes=\"auto, (max-width: 600px) 100vw, 600px\" \/><\/figure>\n<\/div>\n\n\n<p class=\"wp-block-paragraph\">El objetivo es reflexionar acerca de la alegr\u00eda: su potencia pol\u00edtica y epistemol\u00f3gica; su capacidad de promover experiencias compartidas; el espacio en disputa que se genera a su alrededor, como reserva de sabidur\u00eda popular, y las ambig\u00fcedades y tensiones que la rodean.<\/p>\n\n\n\n<p class=\"wp-block-paragraph\">La jornada se desarrollar\u00e1 a distancia, a trav\u00e9s de la plataforma Zoom. Por consultas, comunicarse con el Foro en Facebook (@ForodePensamientoCr\u00edtico) o en Instagram (@foropensamiento). Modalidad virtual.&nbsp;<\/p>\n\n\n<div class=\"wp-block-image\">\n<figure class=\"aligncenter size-full is-resized\"><img loading=\"lazy\" decoding=\"async\" width=\"300\" height=\"300\" src=\"https:\/\/agendadelsur.com\/wp-content\/uploads\/2026\/08\/agenda-del-sur-4.png\" alt=\"\" class=\"wp-image-65922\" style=\"width:456px;height:auto\" srcset=\"https:\/\/agendadelsur.com\/wp-content\/uploads\/2026\/08\/agenda-del-sur-4.png 300w, https:\/\/agendadelsur.com\/wp-content\/uploads\/2026\/08\/agenda-del-sur-4-150x150.png 150w\" sizes=\"auto, (max-width: 300px) 100vw, 300px\" \/><\/figure>\n<\/div>","protected":false},"excerpt":{"rendered":"<p>El s\u00e1bado 5 de septiembre, a las 10.30 h, se realizar\u00e1 el sexto encuentro de Filosof\u00eda organizado por el Foro de Pensamiento Cr\u00edtico de la UTN Avellaneda, titulado \u201cPotencias del estar juntxs: la alegr\u00eda (parte II)\u201d. El objetivo es reflexionar acerca de la alegr\u00eda: su potencia pol\u00edtica y epistemol\u00f3gica; su capacidad de promover experiencias compartidas; [&hellip;]<\/p>\n","protected":false},"author":2,"featured_media":66273,"comment_status":"closed","ping_status":"open","sticky":false,"template":"","format":"standard","meta":{"_jetpack_newsletter_access":"","_jetpack_dont_email_post_to_subs":false,"_jetpack_newsletter_tier_id":0,"_jetpack_memberships_contains_paywalled_content":false,"_jetpack_feature_clip_id":0,"_jetpack_memberships_contains_paid_content":false,"footnotes":"","jetpack_post_was_ever_published":false},"categories":[4],"tags":[8005,132,661],"class_list":["post-66272","post","type-post","status-publish","format-standard","has-post-thumbnail","hentry","category-avellaneda","tag-pensamiento-critico-utn-avellaneda","tag-utn","tag-utn-avellaneda-2"],"jetpack_sharing_enabled":true,"jetpack_featured_media_url":"https:\/\/agendadelsur.com\/wp-content\/uploads\/2026\/09\/795664578_1376476850799635_6917361227271035192_n.jpg","_links":{"self":[{"href":"https:\/\/agendadelsur.com\/index.php\/wp-json\/wp\/v2\/posts\/66272","targetHints":{"allow":["GET"]}}],"collection":[{"href":"https:\/\/agendadelsur.com\/index.php\/wp-json\/wp\/v2\/posts"}],"about":[{"href":"https:\/\/agendadelsur.com\/index.php\/wp-json\/wp\/v2\/types\/post"}],"author":[{"embeddable":true,"href":"https:\/\/agendadelsur.com\/index.php\/wp-json\/wp\/v2\/users\/2"}],"replies":[{"embeddable":true,"href":"https:\/\/agendadelsur.com\/index.php\/wp-json\/wp\/v2\/comments?post=66272"}],"version-history":[{"count":1,"href":"https:\/\/agendadelsur.com\/index.php\/wp-json\/wp\/v2\/posts\/66272\/revisions"}],"predecessor-version":[{"id":66274,"href":"https:\/\/agendadelsur.com\/index.php\/wp-json\/wp\/v2\/posts\/66272\/revisions\/66274"}],"wp:featuredmedia":[{"embeddable":true,"href":"https:\/\/agendadelsur.com\/index.php\/wp-json\/wp\/v2\/media\/66273"}],"wp:attachment":[{"href":"https:\/\/agendadelsur.com\/index.php\/wp-json\/wp\/v2\/media?parent=66272"}],"wp:term":[{"taxonomy":"category","embeddable":true,"href":"https:\/\/agendadelsur.com\/index.php\/wp-json\/wp\/v2\/categories?post=66272"},{"taxonomy":"post_tag","embeddable":true,"href":"https:\/\/agendadelsur.com\/index.php\/wp-json\/wp\/v2\/tags?post=66272"}],"curies":[{"name":"wp","href":"https:\/\/api.w.org\/{rel}","templated":true}]}}