{"id":66276,"date":"2026-09-04T21:39:55","date_gmt":"2026-09-05T00:39:55","guid":{"rendered":"https:\/\/agendadelsur.com\/?p=66276"},"modified":"2026-09-04T21:39:57","modified_gmt":"2026-09-05T00:39:57","slug":"en-quilmes-la-provincia-de-buenos-aires-termina-casas-desfinanciadas-por-nacion","status":"publish","type":"post","link":"https:\/\/agendadelsur.com\/index.php\/2026\/09\/04\/en-quilmes-la-provincia-de-buenos-aires-termina-casas-desfinanciadas-por-nacion\/","title":{"rendered":"En Quilmes, la Provincia de Buenos Aires termina casas desfinanciadas por Naci\u00f3n"},"content":{"rendered":"\n<h6 class=\"wp-block-heading\">Desde 2023, Naci\u00f3n dej\u00f3 sin fondos a m\u00e1s de 120 proyectos habitacionales que se traducen en 16.000 viviendas, afectando directamente a miles de familias y provocando un fuerte impacto econ\u00f3mico y social. La paralizaci\u00f3n de estas obras signific\u00f3 adem\u00e1s la p\u00e9rdida de m\u00e1s de 70.000 puestos de trabajo y agudiz\u00f3 la crisis habitacional en el territorio bonaerense.<\/h6>\n\n\n<div class=\"wp-block-image\">\n<figure class=\"aligncenter size-full\"><img loading=\"lazy\" decoding=\"async\" width=\"500\" height=\"333\" src=\"https:\/\/agendadelsur.com\/wp-content\/uploads\/2026\/09\/WhatsApp-Image-2026-09-02-at-11.26.28-1.jpeg\" alt=\"\" class=\"wp-image-66278\" srcset=\"https:\/\/agendadelsur.com\/wp-content\/uploads\/2026\/09\/WhatsApp-Image-2026-09-02-at-11.26.28-1.jpeg 500w, https:\/\/agendadelsur.com\/wp-content\/uploads\/2026\/09\/WhatsApp-Image-2026-09-02-at-11.26.28-1-300x200.jpeg 300w\" sizes=\"auto, (max-width: 500px) 100vw, 500px\" \/><\/figure>\n<\/div>\n\n\n<p class=\"wp-block-paragraph\">El gobierno de la Provincia sigue apostando a la obra p\u00fablica como dinamizador de las econom\u00edas regionales para garantizar que cada vez m\u00e1s bonaerenses tengan su casa propia con recursos propios aunque se trate de proyectos habitacionales abandonados por el gobierno Nacional, como el caso de las viviendas del barrio Azul de Quilmes, que se est\u00e1n terminando mediante el Programa Completar. En ese sentido, desde el Ministerio de H\u00e1bitat y Desarrollo Urbano que conduce Silvina Batakis, se llev\u00f3 adelante una recorrida de obra para evaluar los avances de las 11 viviendas que se est\u00e1n finalizando.<\/p>\n\n\n\n<p class=\"wp-block-paragraph\">\u201cLa Provincia hace un gran sacrificio con la convicci\u00f3n de que no se pueden echar a perder los recursos de los bonaerenses, que tanto hicieron para tener su casa propia. El Estado nacional desfinanci\u00f3 este desarrollo&nbsp; urbano y nosotros estamos terminando las viviendas que estaban m\u00e1s avanzadas porque entendemos que la vivienda es el primer eslab\u00f3n de la verdadera libertad de las familias\u201d, dijo Batakis.<\/p>\n\n\n\n<p class=\"wp-block-paragraph\">Este proyecto fue paralizado por la interrupci\u00f3n de financiamiento por parte del gobierno Nacional con un grado de avance del 41 por ciento. Cada casa a finalizar es de 2 dormitorios con una superficie 63 de metros cuadrados.<\/p>\n\n\n\n<p class=\"wp-block-paragraph\">Por otro lado, con el mismo Programa Completar, tambi\u00e9n se est\u00e1n terminando&nbsp; 24 viviendas del Barrio Memoria, Verdad y Justicia del mismo distrito. Adem\u00e1s, hay en marcha 28 unidades funcionales con su infraestructura en el barrio La Odisea, y se finalizaron las obras de infraestructuras en los barrios La Uni\u00f3n y San Mart\u00edn.<\/p>\n\n\n\n<p class=\"wp-block-paragraph\">El Programa Completar es una iniciativa que busca concluir m\u00e1s de 6.000 viviendas cuya construcci\u00f3n fue paralizada por la interrupci\u00f3n del financiamiento nacional.<\/p>\n\n\n\n<p class=\"wp-block-paragraph\">Desde 2023, Naci\u00f3n dej\u00f3 sin fondos a m\u00e1s de 120 proyectos habitacionales que se traducen en 16.000 viviendas, afectando directamente a miles de familias y provocando un fuerte impacto econ\u00f3mico y social. La paralizaci\u00f3n de estas obras signific\u00f3 adem\u00e1s la p\u00e9rdida de m\u00e1s de 70.000 puestos de trabajo y agudiz\u00f3 la crisis habitacional en el territorio bonaerense.<\/p>\n\n\n<div class=\"wp-block-image\">\n<figure class=\"aligncenter size-full is-resized\"><img loading=\"lazy\" decoding=\"async\" width=\"300\" height=\"300\" src=\"https:\/\/agendadelsur.com\/wp-content\/uploads\/2026\/08\/aviso-2024-300300-Agenda-del-sur-web_Mesa-de-trabajo-1-2.jpg\" alt=\"\" class=\"wp-image-65818\" style=\"width:500px;height:auto\" srcset=\"https:\/\/agendadelsur.com\/wp-content\/uploads\/2026\/08\/aviso-2024-300300-Agenda-del-sur-web_Mesa-de-trabajo-1-2.jpg 300w, https:\/\/agendadelsur.com\/wp-content\/uploads\/2026\/08\/aviso-2024-300300-Agenda-del-sur-web_Mesa-de-trabajo-1-2-150x150.jpg 150w\" sizes=\"auto, (max-width: 300px) 100vw, 300px\" \/><\/figure>\n<\/div>","protected":false},"excerpt":{"rendered":"<p>Desde 2023, Naci\u00f3n dej\u00f3 sin fondos a m\u00e1s de 120 proyectos habitacionales que se traducen en 16.000 viviendas, afectando directamente a miles de familias y provocando un fuerte impacto econ\u00f3mico y social. La paralizaci\u00f3n de estas obras signific\u00f3 adem\u00e1s la p\u00e9rdida de m\u00e1s de 70.000 puestos de trabajo y agudiz\u00f3 la crisis habitacional en el [&hellip;]<\/p>\n","protected":false},"author":2,"featured_media":66277,"comment_status":"closed","ping_status":"open","sticky":false,"template":"","format":"standard","meta":{"_jetpack_newsletter_access":"","_jetpack_dont_email_post_to_subs":false,"_jetpack_newsletter_tier_id":0,"_jetpack_memberships_contains_paywalled_content":false,"_jetpack_feature_clip_id":0,"_jetpack_memberships_contains_paid_content":false,"footnotes":"","jetpack_post_was_ever_published":false},"categories":[1419],"tags":[18692,18691],"class_list":["post-66276","post","type-post","status-publish","format-standard","has-post-thumbnail","hentry","category-provincia-de-buenos-aires","tag-casas-abandonadas-por-nacion","tag-casas-desfinanciadas-por-nacion"],"jetpack_sharing_enabled":true,"jetpack_featured_media_url":"https:\/\/agendadelsur.com\/wp-content\/uploads\/2026\/09\/WhatsApp-Image-2026-09-02-at-11.26.28.jpeg","_links":{"self":[{"href":"https:\/\/agendadelsur.com\/index.php\/wp-json\/wp\/v2\/posts\/66276","targetHints":{"allow":["GET"]}}],"collection":[{"href":"https:\/\/agendadelsur.com\/index.php\/wp-json\/wp\/v2\/posts"}],"about":[{"href":"https:\/\/agendadelsur.com\/index.php\/wp-json\/wp\/v2\/types\/post"}],"author":[{"embeddable":true,"href":"https:\/\/agendadelsur.com\/index.php\/wp-json\/wp\/v2\/users\/2"}],"replies":[{"embeddable":true,"href":"https:\/\/agendadelsur.com\/index.php\/wp-json\/wp\/v2\/comments?post=66276"}],"version-history":[{"count":1,"href":"https:\/\/agendadelsur.com\/index.php\/wp-json\/wp\/v2\/posts\/66276\/revisions"}],"predecessor-version":[{"id":66279,"href":"https:\/\/agendadelsur.com\/index.php\/wp-json\/wp\/v2\/posts\/66276\/revisions\/66279"}],"wp:featuredmedia":[{"embeddable":true,"href":"https:\/\/agendadelsur.com\/index.php\/wp-json\/wp\/v2\/media\/66277"}],"wp:attachment":[{"href":"https:\/\/agendadelsur.com\/index.php\/wp-json\/wp\/v2\/media?parent=66276"}],"wp:term":[{"taxonomy":"category","embeddable":true,"href":"https:\/\/agendadelsur.com\/index.php\/wp-json\/wp\/v2\/categories?post=66276"},{"taxonomy":"post_tag","embeddable":true,"href":"https:\/\/agendadelsur.com\/index.php\/wp-json\/wp\/v2\/tags?post=66276"}],"curies":[{"name":"wp","href":"https:\/\/api.w.org\/{rel}","templated":true}]}}