{"id":66280,"date":"2026-09-04T21:46:48","date_gmt":"2026-09-05T00:46:48","guid":{"rendered":"https:\/\/agendadelsur.com\/?p=66280"},"modified":"2026-09-04T21:46:49","modified_gmt":"2026-09-05T00:46:49","slug":"avellaneda-es-malvinera","status":"publish","type":"post","link":"https:\/\/agendadelsur.com\/index.php\/2026\/09\/04\/avellaneda-es-malvinera\/","title":{"rendered":"Avellaneda es Malvinera"},"content":{"rendered":"\n<h6 class=\"wp-block-heading\">En la ciudad de Avellaneda por a\u00f1os de gesti\u00f3n municipal, la defensa de la Soberan\u00eda de nuestro Pueblo Argentino en el Atl\u00e1ntico Sur (Malvinas) es una realidad constante, actos, conferencias, foros, monumentos, plazas, un maravilloso Museo Malvinas (que es un verdadero Centro Cultural Soberano Argentino, a cargo de la Lic. Sonia Gar\u00f3falo. La consagraci\u00f3n de todos los derechos para ex combatientes de la Comuna, otorgamiento de viviendas, y m\u00e1s.<\/h6>\n\n\n<div class=\"wp-block-image\">\n<figure class=\"aligncenter size-full\"><img loading=\"lazy\" decoding=\"async\" width=\"500\" height=\"281\" src=\"https:\/\/agendadelsur.com\/wp-content\/uploads\/2026\/09\/1-2.jpg\" alt=\"\" class=\"wp-image-66285\" srcset=\"https:\/\/agendadelsur.com\/wp-content\/uploads\/2026\/09\/1-2.jpg 500w, https:\/\/agendadelsur.com\/wp-content\/uploads\/2026\/09\/1-2-300x169.jpg 300w\" sizes=\"auto, (max-width: 500px) 100vw, 500px\" \/><\/figure>\n<\/div>\n\n\n<p class=\"wp-block-paragraph\">Avellaneda es Malvinera, con una gesti\u00f3n &#8220;Malvinera&#8221;<\/p>\n\n\n<div class=\"wp-block-image\">\n<figure class=\"aligncenter size-full\"><img loading=\"lazy\" decoding=\"async\" width=\"300\" height=\"532\" src=\"https:\/\/agendadelsur.com\/wp-content\/uploads\/2026\/09\/3-2.jpg\" alt=\"\" class=\"wp-image-66283\" srcset=\"https:\/\/agendadelsur.com\/wp-content\/uploads\/2026\/09\/3-2.jpg 300w, https:\/\/agendadelsur.com\/wp-content\/uploads\/2026\/09\/3-2-169x300.jpg 169w\" sizes=\"auto, (max-width: 300px) 100vw, 300px\" \/><\/figure>\n<\/div>\n\n\n<p class=\"wp-block-paragraph\">Gracias a la Agrupaci\u00f3n 2 de Abril, presidida por el ex conscripto (ex) combatiente de Malvinas Jorge Memare, por haber trabajado en la Organizaci\u00f3n de tan sentida reuni\u00f3n y habernos dado participaci\u00f3n.<\/p>\n\n\n\n<p class=\"wp-block-paragraph\">Fuente: Malvinas x Argentinos<\/p>\n\n\n<div class=\"wp-block-image\">\n<figure class=\"aligncenter size-full is-resized\"><img loading=\"lazy\" decoding=\"async\" width=\"620\" height=\"324\" src=\"https:\/\/agendadelsur.com\/wp-content\/uploads\/2026\/08\/Toda-la-Informacion-Necesaria-de-Avellaneda-de-Toda-la-Region-y-Mas\u2026-2.png\" alt=\"\" class=\"wp-image-65667\" style=\"aspect-ratio:1.9136725343621894;width:484px;height:auto\" srcset=\"https:\/\/agendadelsur.com\/wp-content\/uploads\/2026\/08\/Toda-la-Informacion-Necesaria-de-Avellaneda-de-Toda-la-Region-y-Mas\u2026-2.png 620w, https:\/\/agendadelsur.com\/wp-content\/uploads\/2026\/08\/Toda-la-Informacion-Necesaria-de-Avellaneda-de-Toda-la-Region-y-Mas\u2026-2-300x157.png 300w\" sizes=\"auto, (max-width: 620px) 100vw, 620px\" \/><\/figure>\n<\/div>","protected":false},"excerpt":{"rendered":"<p>En la ciudad de Avellaneda por a\u00f1os de gesti\u00f3n municipal, la defensa de la Soberan\u00eda de nuestro Pueblo Argentino en el Atl\u00e1ntico Sur (Malvinas) es una realidad constante, actos, conferencias, foros, monumentos, plazas, un maravilloso Museo Malvinas (que es un verdadero Centro Cultural Soberano Argentino, a cargo de la Lic. Sonia Gar\u00f3falo. La consagraci\u00f3n de [&hellip;]<\/p>\n","protected":false},"author":2,"featured_media":66281,"comment_status":"closed","ping_status":"open","sticky":false,"template":"","format":"standard","meta":{"_jetpack_newsletter_access":"","_jetpack_dont_email_post_to_subs":false,"_jetpack_newsletter_tier_id":0,"_jetpack_memberships_contains_paywalled_content":false,"_jetpack_feature_clip_id":0,"_jetpack_memberships_contains_paid_content":false,"footnotes":"","jetpack_post_was_ever_published":false},"categories":[4],"tags":[18693],"class_list":["post-66280","post","type-post","status-publish","format-standard","has-post-thumbnail","hentry","category-avellaneda","tag-avellaneda-es-malvinera"],"jetpack_sharing_enabled":true,"jetpack_featured_media_url":"https:\/\/agendadelsur.com\/wp-content\/uploads\/2026\/09\/2-1.jpg","_links":{"self":[{"href":"https:\/\/agendadelsur.com\/index.php\/wp-json\/wp\/v2\/posts\/66280","targetHints":{"allow":["GET"]}}],"collection":[{"href":"https:\/\/agendadelsur.com\/index.php\/wp-json\/wp\/v2\/posts"}],"about":[{"href":"https:\/\/agendadelsur.com\/index.php\/wp-json\/wp\/v2\/types\/post"}],"author":[{"embeddable":true,"href":"https:\/\/agendadelsur.com\/index.php\/wp-json\/wp\/v2\/users\/2"}],"replies":[{"embeddable":true,"href":"https:\/\/agendadelsur.com\/index.php\/wp-json\/wp\/v2\/comments?post=66280"}],"version-history":[{"count":1,"href":"https:\/\/agendadelsur.com\/index.php\/wp-json\/wp\/v2\/posts\/66280\/revisions"}],"predecessor-version":[{"id":66286,"href":"https:\/\/agendadelsur.com\/index.php\/wp-json\/wp\/v2\/posts\/66280\/revisions\/66286"}],"wp:featuredmedia":[{"embeddable":true,"href":"https:\/\/agendadelsur.com\/index.php\/wp-json\/wp\/v2\/media\/66281"}],"wp:attachment":[{"href":"https:\/\/agendadelsur.com\/index.php\/wp-json\/wp\/v2\/media?parent=66280"}],"wp:term":[{"taxonomy":"category","embeddable":true,"href":"https:\/\/agendadelsur.com\/index.php\/wp-json\/wp\/v2\/categories?post=66280"},{"taxonomy":"post_tag","embeddable":true,"href":"https:\/\/agendadelsur.com\/index.php\/wp-json\/wp\/v2\/tags?post=66280"}],"curies":[{"name":"wp","href":"https:\/\/api.w.org\/{rel}","templated":true}]}}