{"id":66287,"date":"2026-09-04T22:03:26","date_gmt":"2026-09-05T01:03:26","guid":{"rendered":"https:\/\/agendadelsur.com\/?p=66287"},"modified":"2026-09-04T22:03:28","modified_gmt":"2026-09-05T01:03:28","slug":"granja-tres-arroyos-despidio-a-unos-1-000-trabajadores-en-un-lapso-de-48-horas","status":"publish","type":"post","link":"https:\/\/agendadelsur.com\/index.php\/2026\/09\/04\/granja-tres-arroyos-despidio-a-unos-1-000-trabajadores-en-un-lapso-de-48-horas\/","title":{"rendered":"Granja Tres Arroyos despidi\u00f3 a unos 1.000 trabajadores en un lapso de 48 horas"},"content":{"rendered":"\n<h6 class=\"wp-block-heading\">Las cesant\u00edas fueron entre el mi\u00e9rcoles 2 y el jueves 3 de septiembre y son para el personal de sus tres de sus plantas ubicadas en la provincia de Buenos Aires.<\/h6>\n\n\n<div class=\"wp-block-image\">\n<figure class=\"aligncenter size-full is-resized\"><img loading=\"lazy\" decoding=\"async\" width=\"600\" height=\"400\" src=\"https:\/\/agendadelsur.com\/wp-content\/uploads\/2026\/09\/6-1.jpg\" alt=\"\" class=\"wp-image-66289\" style=\"aspect-ratio:1.5000585960389077;width:474px;height:auto\" srcset=\"https:\/\/agendadelsur.com\/wp-content\/uploads\/2026\/09\/6-1.jpg 600w, https:\/\/agendadelsur.com\/wp-content\/uploads\/2026\/09\/6-1-300x200.jpg 300w\" sizes=\"auto, (max-width: 600px) 100vw, 600px\" \/><\/figure>\n<\/div>\n\n\n<p class=\"wp-block-paragraph\">El impacto principal se registr\u00f3 en El Jag\u00fcel (Esteban Echeverr\u00eda), Capit\u00e1n Sarmiento y Pilar.<\/p>\n\n\n\n<p class=\"wp-block-paragraph\">La empresa atribuye e motivo a una deuda multimillonaria, el impacto de los brotes de gripe aviar que cerraron exportaciones a China y la ca\u00edda de la rentabilidad.<\/p>\n\n\n<div class=\"wp-block-image\">\n<figure class=\"aligncenter size-full is-resized\"><img loading=\"lazy\" decoding=\"async\" width=\"300\" height=\"300\" src=\"https:\/\/agendadelsur.com\/wp-content\/uploads\/2026\/08\/aviso-2024-300300-Agenda-del-sur-web_Mesa-de-trabajo-1-3.jpg\" alt=\"\" class=\"wp-image-66039\" style=\"width:474px;height:auto\" srcset=\"https:\/\/agendadelsur.com\/wp-content\/uploads\/2026\/08\/aviso-2024-300300-Agenda-del-sur-web_Mesa-de-trabajo-1-3.jpg 300w, https:\/\/agendadelsur.com\/wp-content\/uploads\/2026\/08\/aviso-2024-300300-Agenda-del-sur-web_Mesa-de-trabajo-1-3-150x150.jpg 150w\" sizes=\"auto, (max-width: 300px) 100vw, 300px\" \/><\/figure>\n<\/div>","protected":false},"excerpt":{"rendered":"<p>Las cesant\u00edas fueron entre el mi\u00e9rcoles 2 y el jueves 3 de septiembre y son para el personal de sus tres de sus plantas ubicadas en la provincia de Buenos Aires. El impacto principal se registr\u00f3 en El Jag\u00fcel (Esteban Echeverr\u00eda), Capit\u00e1n Sarmiento y Pilar. La empresa atribuye e motivo a una deuda multimillonaria, el [&hellip;]<\/p>\n","protected":false},"author":2,"featured_media":66289,"comment_status":"closed","ping_status":"open","sticky":false,"template":"","format":"standard","meta":{"_jetpack_newsletter_access":"","_jetpack_dont_email_post_to_subs":false,"_jetpack_newsletter_tier_id":0,"_jetpack_memberships_contains_paywalled_content":false,"_jetpack_feature_clip_id":0,"_jetpack_memberships_contains_paid_content":false,"footnotes":"","jetpack_post_was_ever_published":false},"categories":[1419],"tags":[18654,18694],"class_list":["post-66287","post","type-post","status-publish","format-standard","has-post-thumbnail","hentry","category-provincia-de-buenos-aires","tag-granja-tres-arroyos","tag-granja-tres-arroyos-echo-1-000-empleados"],"jetpack_sharing_enabled":true,"jetpack_featured_media_url":"https:\/\/agendadelsur.com\/wp-content\/uploads\/2026\/09\/6-1.jpg","_links":{"self":[{"href":"https:\/\/agendadelsur.com\/index.php\/wp-json\/wp\/v2\/posts\/66287","targetHints":{"allow":["GET"]}}],"collection":[{"href":"https:\/\/agendadelsur.com\/index.php\/wp-json\/wp\/v2\/posts"}],"about":[{"href":"https:\/\/agendadelsur.com\/index.php\/wp-json\/wp\/v2\/types\/post"}],"author":[{"embeddable":true,"href":"https:\/\/agendadelsur.com\/index.php\/wp-json\/wp\/v2\/users\/2"}],"replies":[{"embeddable":true,"href":"https:\/\/agendadelsur.com\/index.php\/wp-json\/wp\/v2\/comments?post=66287"}],"version-history":[{"count":1,"href":"https:\/\/agendadelsur.com\/index.php\/wp-json\/wp\/v2\/posts\/66287\/revisions"}],"predecessor-version":[{"id":66290,"href":"https:\/\/agendadelsur.com\/index.php\/wp-json\/wp\/v2\/posts\/66287\/revisions\/66290"}],"wp:featuredmedia":[{"embeddable":true,"href":"https:\/\/agendadelsur.com\/index.php\/wp-json\/wp\/v2\/media\/66289"}],"wp:attachment":[{"href":"https:\/\/agendadelsur.com\/index.php\/wp-json\/wp\/v2\/media?parent=66287"}],"wp:term":[{"taxonomy":"category","embeddable":true,"href":"https:\/\/agendadelsur.com\/index.php\/wp-json\/wp\/v2\/categories?post=66287"},{"taxonomy":"post_tag","embeddable":true,"href":"https:\/\/agendadelsur.com\/index.php\/wp-json\/wp\/v2\/tags?post=66287"}],"curies":[{"name":"wp","href":"https:\/\/api.w.org\/{rel}","templated":true}]}}