{"id":66291,"date":"2026-09-05T01:49:27","date_gmt":"2026-09-05T04:49:27","guid":{"rendered":"https:\/\/agendadelsur.com\/?p=66291"},"modified":"2026-09-05T01:49:30","modified_gmt":"2026-09-05T04:49:30","slug":"milei-es-anglofilo-y-admirador-de-thatcher-no-creo-ni-por-un-segundo-que-quiera-una-confrontacion-con-el-reino-unido","status":"publish","type":"post","link":"https:\/\/agendadelsur.com\/index.php\/2026\/09\/05\/milei-es-anglofilo-y-admirador-de-thatcher-no-creo-ni-por-un-segundo-que-quiera-una-confrontacion-con-el-reino-unido\/","title":{"rendered":"&#8220;Milei es angl\u00f3filo y admirador de Thatcher. No creo ni por un segundo que quiera una confrontaci\u00f3n con el Reino Unido."},"content":{"rendered":"\n<h6 class=\"wp-block-heading\">Lo expres\u00f3 Boris Johnson, que public\u00f3 una columna de opini\u00f3n en el diario Daily Mirror en la que habl\u00f3 sobre las intenciones de Javier Milei detr\u00e1s del anuncio sobre el endurecimiento de penas para empresas que exploten unilateralmente el petr\u00f3leo en las islas. &#8220;Milei es angl\u00f3filo y admirador de Thatcher. No creo ni por un segundo que quiera una confrontaci\u00f3n con el Reino Unido por esta cuesti\u00f3n. Pero tambi\u00e9n enfrenta una dif\u00edcil campa\u00f1a por la reelecci\u00f3n y puede considerar necesario agitar el sentimiento popular apelando al tradicional nacionalismo&#8221;, afirm\u00f3 el exprimer ministro sobre los anuncios de su amigo Javier Milei.<\/h6>\n\n\n<div class=\"wp-block-image\">\n<figure class=\"aligncenter size-full is-resized\"><img loading=\"lazy\" decoding=\"async\" width=\"600\" height=\"400\" src=\"https:\/\/agendadelsur.com\/wp-content\/uploads\/2026\/09\/images-1.jpg\" alt=\"\" class=\"wp-image-66292\" style=\"aspect-ratio:1.5000585960389077;width:482px;height:auto\" srcset=\"https:\/\/agendadelsur.com\/wp-content\/uploads\/2026\/09\/images-1.jpg 600w, https:\/\/agendadelsur.com\/wp-content\/uploads\/2026\/09\/images-1-300x200.jpg 300w\" sizes=\"auto, (max-width: 600px) 100vw, 600px\" \/><figcaption class=\"wp-element-caption\"><em>Boris Johnson<\/em><\/figcaption><\/figure>\n<\/div>\n\n\n<p class=\"wp-block-paragraph\">&#8220;Parece imposible creer que la Argentina pueda estar tan enloquecida como para volver a intentar tomar las Malvinas. Las islas est\u00e1n ahora protegidas por una guarnici\u00f3n permanente, adem\u00e1s de aviones Typhoon y sistemas de defensa a\u00e9rea. Pero existe claramente un riesgo mayor de que se produzca alg\u00fan tipo de provocaci\u00f3n, lo que podr\u00eda desembocar en otro tr\u00e1gico error de c\u00e1lculo argentino&#8221;, advirti\u00f3 el exprimer ministro.<\/p>\n\n\n\n<p class=\"wp-block-paragraph\">Fuente: Las Venas Abiertas<\/p>\n\n\n<div class=\"wp-block-image\">\n<figure class=\"aligncenter size-full is-resized\"><img loading=\"lazy\" decoding=\"async\" width=\"300\" height=\"300\" src=\"https:\/\/agendadelsur.com\/wp-content\/uploads\/2026\/08\/aviso-2024-300300-Agenda-del-sur-web_Mesa-de-trabajo-1-3.jpg\" alt=\"\" class=\"wp-image-66039\" style=\"aspect-ratio:1.5000585960389077;width:428px;height:auto\" srcset=\"https:\/\/agendadelsur.com\/wp-content\/uploads\/2026\/08\/aviso-2024-300300-Agenda-del-sur-web_Mesa-de-trabajo-1-3.jpg 300w, https:\/\/agendadelsur.com\/wp-content\/uploads\/2026\/08\/aviso-2024-300300-Agenda-del-sur-web_Mesa-de-trabajo-1-3-150x150.jpg 150w\" sizes=\"auto, (max-width: 300px) 100vw, 300px\" \/><\/figure>\n<\/div>","protected":false},"excerpt":{"rendered":"<p>Lo expres\u00f3 Boris Johnson, que public\u00f3 una columna de opini\u00f3n en el diario Daily Mirror en la que habl\u00f3 sobre las intenciones de Javier Milei detr\u00e1s del anuncio sobre el endurecimiento de penas para empresas que exploten unilateralmente el petr\u00f3leo en las islas. &#8220;Milei es angl\u00f3filo y admirador de Thatcher. No creo ni por un [&hellip;]<\/p>\n","protected":false},"author":2,"featured_media":66292,"comment_status":"closed","ping_status":"open","sticky":false,"template":"","format":"standard","meta":{"_jetpack_newsletter_access":"","_jetpack_dont_email_post_to_subs":false,"_jetpack_newsletter_tier_id":0,"_jetpack_memberships_contains_paywalled_content":false,"_jetpack_feature_clip_id":0,"_jetpack_memberships_contains_paid_content":false,"footnotes":"","jetpack_post_was_ever_published":false},"categories":[576],"tags":[18697,18696,18695],"class_list":["post-66291","post","type-post","status-publish","format-standard","has-post-thumbnail","hentry","category-internacionales","tag-milei-es-admirador-de-thatcher","tag-milei-es-anglofilo","tag-milei-es-anglofilo-y-admirador-de-thatcher"],"jetpack_sharing_enabled":true,"jetpack_featured_media_url":"https:\/\/agendadelsur.com\/wp-content\/uploads\/2026\/09\/images-1.jpg","_links":{"self":[{"href":"https:\/\/agendadelsur.com\/index.php\/wp-json\/wp\/v2\/posts\/66291","targetHints":{"allow":["GET"]}}],"collection":[{"href":"https:\/\/agendadelsur.com\/index.php\/wp-json\/wp\/v2\/posts"}],"about":[{"href":"https:\/\/agendadelsur.com\/index.php\/wp-json\/wp\/v2\/types\/post"}],"author":[{"embeddable":true,"href":"https:\/\/agendadelsur.com\/index.php\/wp-json\/wp\/v2\/users\/2"}],"replies":[{"embeddable":true,"href":"https:\/\/agendadelsur.com\/index.php\/wp-json\/wp\/v2\/comments?post=66291"}],"version-history":[{"count":1,"href":"https:\/\/agendadelsur.com\/index.php\/wp-json\/wp\/v2\/posts\/66291\/revisions"}],"predecessor-version":[{"id":66293,"href":"https:\/\/agendadelsur.com\/index.php\/wp-json\/wp\/v2\/posts\/66291\/revisions\/66293"}],"wp:featuredmedia":[{"embeddable":true,"href":"https:\/\/agendadelsur.com\/index.php\/wp-json\/wp\/v2\/media\/66292"}],"wp:attachment":[{"href":"https:\/\/agendadelsur.com\/index.php\/wp-json\/wp\/v2\/media?parent=66291"}],"wp:term":[{"taxonomy":"category","embeddable":true,"href":"https:\/\/agendadelsur.com\/index.php\/wp-json\/wp\/v2\/categories?post=66291"},{"taxonomy":"post_tag","embeddable":true,"href":"https:\/\/agendadelsur.com\/index.php\/wp-json\/wp\/v2\/tags?post=66291"}],"curies":[{"name":"wp","href":"https:\/\/api.w.org\/{rel}","templated":true}]}}