{"id":66298,"date":"2026-09-05T16:04:26","date_gmt":"2026-09-05T19:04:26","guid":{"rendered":"https:\/\/agendadelsur.com\/?p=66298"},"modified":"2026-09-05T16:04:27","modified_gmt":"2026-09-05T19:04:27","slug":"muerte-en-el-patio-trasero-un-ano-de-ataques-estadounidenses-a-barcos-en-el-caribe-y-pacifico-oriental","status":"publish","type":"post","link":"https:\/\/agendadelsur.com\/index.php\/2026\/09\/05\/muerte-en-el-patio-trasero-un-ano-de-ataques-estadounidenses-a-barcos-en-el-caribe-y-pacifico-oriental\/","title":{"rendered":"Muerte en el patio trasero: un a\u00f1o de ataques estadounidenses a barcos en el Caribe y Pac\u00edfico oriental."},"content":{"rendered":"\n<h6 class=\"wp-block-heading\">Estados Unidos ya destruy\u00f3 69 embarcaciones en el mar Caribe y el oc\u00e9ano Pac\u00edfico oriental y mat\u00f3 a 227 personas desde el 2 de septiembre de 2025. Con la excusa del \u2018narcoterrorismo\u2019, Estados Unidos consolida una pol\u00edtica hemisf\u00e9rica de ejecuciones extrajudiciales, en las que las personas bajo ataque no tuvieron debido proceso ni eran, a su vez, agentes de una agresi\u00f3n. El 25 de agosto de 2026 el Comando Sur de los Estados Unidos bombarde\u00f3 una embarcaci\u00f3n en el mar Caribe y mat\u00f3 a cuatro personas que se encontraban a bordo. Su titular, el Comandante General Francis Donovan dijo: \u201cVamos a cazar y a derrotar a estas redes narcoterroristas\u201d.<\/h6>\n\n\n<div class=\"wp-block-image\">\n<figure class=\"aligncenter size-full is-resized\"><img loading=\"lazy\" decoding=\"async\" width=\"300\" height=\"300\" src=\"https:\/\/agendadelsur.com\/wp-content\/uploads\/2026\/09\/USA-II.jpg\" alt=\"\" class=\"wp-image-66300\" style=\"width:394px;height:auto\" srcset=\"https:\/\/agendadelsur.com\/wp-content\/uploads\/2026\/09\/USA-II.jpg 300w, https:\/\/agendadelsur.com\/wp-content\/uploads\/2026\/09\/USA-II-150x150.jpg 150w\" sizes=\"auto, (max-width: 300px) 100vw, 300px\" \/><\/figure>\n<\/div>\n\n\n<p class=\"wp-block-paragraph\">Poco se sabe sobre los barcos y sus tripulantes. El Pent\u00e1gono admiti\u00f3 que desconoce a qui\u00e9nes mat\u00f3. Aunque publica los videos de los bombardeos en redes sociales para alimentar la espectacularizaci\u00f3n de cada episodio, los objetivos e indicadores de \u00e9xito de esta pol\u00edtica permanecen secretos. Algunas de las v\u00edctimas de estos ataques que pudieron ser identificadas por investigaciones period\u00edsticas son pescadores o trabajadores costeros de sectores humildes. La opacidad que rodea a los ataques se agrava porque las familias de las v\u00edctimas tienen miedo de contar que su ser querido no ha vuelto a casa. Quiz\u00e1s ya no vayan a saber qu\u00e9 pas\u00f3.<\/p>\n\n\n\n<p class=\"wp-block-paragraph\">Para el gobierno estadounidense las lanchas navegaban en \u201cconocidas rutas\u201d de tr\u00e1fico, y con eso le bast\u00f3 para decidir la ejecuci\u00f3n sin juicio previo de sus tripulantes. Casi nunca mostr\u00f3 evidencia de que transportaran sustancias ilegales. A partir de la declaraci\u00f3n de varias organizaciones criminales como \u201cterroristas\u201d, Estados Unidos trata a estos presuntos traficantes como combatientes enemigos y aplica las reglas de la guerra para habilitar asesinatos. Expertos de Naciones Unidas afirmaron que el derecho internacional establece reglas muy estrictas para utilizar la fuerza letal, como que s\u00f3lo puede ser utilizada si existe una amenaza inminente, que no se cumple en estas operaciones. Son, en realidad, ejecuciones extrajudiciales. Que Estados Unidos y los pa\u00edses que lo avalan como la Argentina, Ecuador y ahora Colombia, justifiquen estos ataques en que existe un \u201cconflicto armado\u201d con las organizaciones criminales no demuestra autom\u00e1ticamente que \u00e9ste exista, y mucho menos les otorga una carta blanca para matar.<\/p>\n\n\n\n<p class=\"wp-block-paragraph\">Los datos disponibles hasta ahora sugieren que destruir las embarcaciones no ha disminuido el flujo de drogas hacia Estados Unidos. A\u00fan as\u00ed, esta pol\u00edtica se est\u00e1 extendiendo a operaciones militares por tierra. Ya se realizaron operaciones conjuntas con Ecuador, entre ellas el bombardeo a lo que result\u00f3 ser una finca lechera, y recientemente el nuevo presidente de Colombia tambi\u00e9n las autoriz\u00f3 al suscribir el acuerdo \u201cEscudo de las Am\u00e9ricas\u201d. Esta iniciativa, que re\u00fane a 19 pa\u00edses entre los que se encuentra la Argentina, consolida una estrategia de Estados Unidos para la regi\u00f3n: la de militarizar el control del crimen organizado a trav\u00e9s de la confluencia de la \u201cguerra contra las drogas\u201d con el \u201ccombate al terrorismo\u201d. Pero el alineamiento pol\u00edtico-ideol\u00f3gico que busca construir Washington dista mucho de ser una pol\u00edtica que responda a las necesidades e intereses de la regi\u00f3n frente a los problemas de la criminalidad organizada. Es una forma de gobernar lo que consideran su patio trasero por la fuerza. Su costo est\u00e1 a la vista: ya se mide en cientos de vidas latinoamericanas.<\/p>\n\n\n\n<p class=\"wp-block-paragraph\">Fuente: CELS<\/p>\n\n\n<div class=\"wp-block-image\">\n<figure class=\"aligncenter size-full is-resized\"><img loading=\"lazy\" decoding=\"async\" width=\"620\" height=\"324\" src=\"https:\/\/agendadelsur.com\/wp-content\/uploads\/2026\/09\/Toda-la-Informacion-Necesaria-de-Avellaneda-de-Toda-la-Region-y-Mas\u2026-1.png\" alt=\"\" class=\"wp-image-66301\" style=\"aspect-ratio:1.9136725343621894;width:512px;height:auto\" srcset=\"https:\/\/agendadelsur.com\/wp-content\/uploads\/2026\/09\/Toda-la-Informacion-Necesaria-de-Avellaneda-de-Toda-la-Region-y-Mas\u2026-1.png 620w, https:\/\/agendadelsur.com\/wp-content\/uploads\/2026\/09\/Toda-la-Informacion-Necesaria-de-Avellaneda-de-Toda-la-Region-y-Mas\u2026-1-300x157.png 300w\" sizes=\"auto, (max-width: 620px) 100vw, 620px\" \/><\/figure>\n<\/div>","protected":false},"excerpt":{"rendered":"<p>Estados Unidos ya destruy\u00f3 69 embarcaciones en el mar Caribe y el oc\u00e9ano Pac\u00edfico oriental y mat\u00f3 a 227 personas desde el 2 de septiembre de 2025. Con la excusa del \u2018narcoterrorismo\u2019, Estados Unidos consolida una pol\u00edtica hemisf\u00e9rica de ejecuciones extrajudiciales, en las que las personas bajo ataque no tuvieron debido proceso ni eran, a [&hellip;]<\/p>\n","protected":false},"author":2,"featured_media":66299,"comment_status":"closed","ping_status":"open","sticky":false,"template":"","format":"standard","meta":{"_jetpack_newsletter_access":"","_jetpack_dont_email_post_to_subs":false,"_jetpack_newsletter_tier_id":0,"_jetpack_memberships_contains_paywalled_content":false,"_jetpack_feature_clip_id":0,"_jetpack_memberships_contains_paid_content":false,"footnotes":"","jetpack_post_was_ever_published":false},"categories":[576],"tags":[],"class_list":["post-66298","post","type-post","status-publish","format-standard","has-post-thumbnail","hentry","category-internacionales"],"jetpack_sharing_enabled":true,"jetpack_featured_media_url":"https:\/\/agendadelsur.com\/wp-content\/uploads\/2026\/09\/USA.jpg","_links":{"self":[{"href":"https:\/\/agendadelsur.com\/index.php\/wp-json\/wp\/v2\/posts\/66298","targetHints":{"allow":["GET"]}}],"collection":[{"href":"https:\/\/agendadelsur.com\/index.php\/wp-json\/wp\/v2\/posts"}],"about":[{"href":"https:\/\/agendadelsur.com\/index.php\/wp-json\/wp\/v2\/types\/post"}],"author":[{"embeddable":true,"href":"https:\/\/agendadelsur.com\/index.php\/wp-json\/wp\/v2\/users\/2"}],"replies":[{"embeddable":true,"href":"https:\/\/agendadelsur.com\/index.php\/wp-json\/wp\/v2\/comments?post=66298"}],"version-history":[{"count":1,"href":"https:\/\/agendadelsur.com\/index.php\/wp-json\/wp\/v2\/posts\/66298\/revisions"}],"predecessor-version":[{"id":66302,"href":"https:\/\/agendadelsur.com\/index.php\/wp-json\/wp\/v2\/posts\/66298\/revisions\/66302"}],"wp:featuredmedia":[{"embeddable":true,"href":"https:\/\/agendadelsur.com\/index.php\/wp-json\/wp\/v2\/media\/66299"}],"wp:attachment":[{"href":"https:\/\/agendadelsur.com\/index.php\/wp-json\/wp\/v2\/media?parent=66298"}],"wp:term":[{"taxonomy":"category","embeddable":true,"href":"https:\/\/agendadelsur.com\/index.php\/wp-json\/wp\/v2\/categories?post=66298"},{"taxonomy":"post_tag","embeddable":true,"href":"https:\/\/agendadelsur.com\/index.php\/wp-json\/wp\/v2\/tags?post=66298"}],"curies":[{"name":"wp","href":"https:\/\/api.w.org\/{rel}","templated":true}]}}