{"id":66304,"date":"2026-09-05T18:29:26","date_gmt":"2026-09-05T21:29:26","guid":{"rendered":"https:\/\/agendadelsur.com\/?p=66304"},"modified":"2026-09-05T18:29:27","modified_gmt":"2026-09-05T21:29:27","slug":"el-gobierno-de-axel-kicillof-ordena-la-reincorporacion-inmediata-de-1-200-trabajadores-despedidos-de-la-empresa-granja-tres-arroyos","status":"publish","type":"post","link":"https:\/\/agendadelsur.com\/index.php\/2026\/09\/05\/el-gobierno-de-axel-kicillof-ordena-la-reincorporacion-inmediata-de-1-200-trabajadores-despedidos-de-la-empresa-granja-tres-arroyos\/","title":{"rendered":"El Gobierno de Axel Kicillof ordena la reincorporaci\u00f3n inmediata de 1.200 trabajadores despedidos de la empresa Granja Tres Arroyos."},"content":{"rendered":"\n<h6 class=\"wp-block-heading\">El Ministerio de Trabajo de la Provincia de Buenos Aires, bajo la gesti\u00f3n de Axel Kicillof, dict\u00f3 la conciliaci\u00f3n obligatoria por 15 d\u00edas h\u00e1biles y orden\u00f3 la reincorporaci\u00f3n inmediata de 1.200 trabajadores despedidos de la empresa av\u00edcola Granja Tres Arroyos. La medida busca frenar las desvinculaciones masivas en plantas cr\u00edticas del territorio bonaerense y abrir un canal formal de di\u00e1logo t\u00e9cnico-laboral<\/h6>\n\n\n<div class=\"wp-block-image\">\n<figure class=\"aligncenter size-full is-resized\"><img loading=\"lazy\" decoding=\"async\" width=\"600\" height=\"400\" src=\"https:\/\/agendadelsur.com\/wp-content\/uploads\/2026\/09\/1.-granja-tres-arroyos.png\" alt=\"\" class=\"wp-image-66305\" style=\"aspect-ratio:1.5000585960389077;width:502px;height:auto\" srcset=\"https:\/\/agendadelsur.com\/wp-content\/uploads\/2026\/09\/1.-granja-tres-arroyos.png 600w, https:\/\/agendadelsur.com\/wp-content\/uploads\/2026\/09\/1.-granja-tres-arroyos-300x200.png 300w\" sizes=\"auto, (max-width: 600px) 100vw, 600px\" \/><\/figure>\n<\/div>\n\n<div class=\"wp-block-image\">\n<figure class=\"aligncenter size-full is-resized\"><img loading=\"lazy\" decoding=\"async\" width=\"620\" height=\"324\" src=\"https:\/\/agendadelsur.com\/wp-content\/uploads\/2026\/09\/Toda-la-Informacion-Necesaria-de-Avellaneda-de-Toda-la-Region-y-Mas\u2026-1.png\" alt=\"\" class=\"wp-image-66301\" style=\"aspect-ratio:1.9136725343621894;width:496px;height:auto\" srcset=\"https:\/\/agendadelsur.com\/wp-content\/uploads\/2026\/09\/Toda-la-Informacion-Necesaria-de-Avellaneda-de-Toda-la-Region-y-Mas\u2026-1.png 620w, https:\/\/agendadelsur.com\/wp-content\/uploads\/2026\/09\/Toda-la-Informacion-Necesaria-de-Avellaneda-de-Toda-la-Region-y-Mas\u2026-1-300x157.png 300w\" sizes=\"auto, (max-width: 620px) 100vw, 620px\" \/><\/figure>\n<\/div>","protected":false},"excerpt":{"rendered":"<p>El Ministerio de Trabajo de la Provincia de Buenos Aires, bajo la gesti\u00f3n de Axel Kicillof, dict\u00f3 la conciliaci\u00f3n obligatoria por 15 d\u00edas h\u00e1biles y orden\u00f3 la reincorporaci\u00f3n inmediata de 1.200 trabajadores despedidos de la empresa av\u00edcola Granja Tres Arroyos. La medida busca frenar las desvinculaciones masivas en plantas cr\u00edticas del territorio bonaerense y abrir [&hellip;]<\/p>\n","protected":false},"author":2,"featured_media":66305,"comment_status":"closed","ping_status":"open","sticky":false,"template":"","format":"standard","meta":{"_jetpack_newsletter_access":"","_jetpack_dont_email_post_to_subs":false,"_jetpack_newsletter_tier_id":0,"_jetpack_memberships_contains_paywalled_content":false,"_jetpack_feature_clip_id":0,"_jetpack_memberships_contains_paid_content":false,"footnotes":"","jetpack_post_was_ever_published":false},"categories":[9],"tags":[18700],"class_list":["post-66304","post","type-post","status-publish","format-standard","has-post-thumbnail","hentry","category-noticias-nacionales","tag-empresa-granja-tres-arroyos"],"jetpack_sharing_enabled":true,"jetpack_featured_media_url":"https:\/\/agendadelsur.com\/wp-content\/uploads\/2026\/09\/1.-granja-tres-arroyos.png","_links":{"self":[{"href":"https:\/\/agendadelsur.com\/index.php\/wp-json\/wp\/v2\/posts\/66304","targetHints":{"allow":["GET"]}}],"collection":[{"href":"https:\/\/agendadelsur.com\/index.php\/wp-json\/wp\/v2\/posts"}],"about":[{"href":"https:\/\/agendadelsur.com\/index.php\/wp-json\/wp\/v2\/types\/post"}],"author":[{"embeddable":true,"href":"https:\/\/agendadelsur.com\/index.php\/wp-json\/wp\/v2\/users\/2"}],"replies":[{"embeddable":true,"href":"https:\/\/agendadelsur.com\/index.php\/wp-json\/wp\/v2\/comments?post=66304"}],"version-history":[{"count":1,"href":"https:\/\/agendadelsur.com\/index.php\/wp-json\/wp\/v2\/posts\/66304\/revisions"}],"predecessor-version":[{"id":66306,"href":"https:\/\/agendadelsur.com\/index.php\/wp-json\/wp\/v2\/posts\/66304\/revisions\/66306"}],"wp:featuredmedia":[{"embeddable":true,"href":"https:\/\/agendadelsur.com\/index.php\/wp-json\/wp\/v2\/media\/66305"}],"wp:attachment":[{"href":"https:\/\/agendadelsur.com\/index.php\/wp-json\/wp\/v2\/media?parent=66304"}],"wp:term":[{"taxonomy":"category","embeddable":true,"href":"https:\/\/agendadelsur.com\/index.php\/wp-json\/wp\/v2\/categories?post=66304"},{"taxonomy":"post_tag","embeddable":true,"href":"https:\/\/agendadelsur.com\/index.php\/wp-json\/wp\/v2\/tags?post=66304"}],"curies":[{"name":"wp","href":"https:\/\/api.w.org\/{rel}","templated":true}]}}